{"id":1,"name":"Vincent V\u00e9lo","url":"http:\/\/www.cinecyclo.com","description":"Fondateur de la structure Cin\u00e9cyclo, Vincent est avant tout un aventurier dans l'\u00e2me. Apr\u00e8s avoir v\u00e9cu au Qu\u00e9bec, en France et en Italie, il se lance dans le Cin\u00e9cyclo Tour du S\u00e9n\u00e9gal en 2015 au guidon de son v\u00e9lo cargo cin\u00e9ma.","link":"http:\/\/cinecyclo.com\/leblog\/author\/vincent\/","slug":"vincent","avatar_urls":{"24":"https:\/\/secure.gravatar.com\/avatar\/436f234d79a4fc85c3ba05af690ce172fc658178f320a74ae0b69d47159365ea?s=24&d=mm&r=g","48":"https:\/\/secure.gravatar.com\/avatar\/436f234d79a4fc85c3ba05af690ce172fc658178f320a74ae0b69d47159365ea?s=48&d=mm&r=g","96":"https:\/\/secure.gravatar.com\/avatar\/436f234d79a4fc85c3ba05af690ce172fc658178f320a74ae0b69d47159365ea?s=96&d=mm&r=g"},"meta":[],"_links":{"self":[{"href":"http:\/\/cinecyclo.com\/leblog\/wp-json\/wp\/v2\/users\/1","targetHints":{"allow":["GET"]}}],"collection":[{"href":"http:\/\/cinecyclo.com\/leblog\/wp-json\/wp\/v2\/users"}]}}