{"id":309,"date":"2016-01-24T16:13:04","date_gmt":"2016-01-24T16:13:04","guid":{"rendered":"http:\/\/cinecyclo.com\/leblog\/?p=309"},"modified":"2016-02-25T23:32:26","modified_gmt":"2016-02-25T23:32:26","slug":"du-bande-au-fouta-22","status":"publish","type":"post","link":"http:\/\/cinecyclo.com\/leblog\/du-bande-au-fouta-22\/","title":{"rendered":"Du Band\u00e9 au Fouta (2\/2)"},"content":{"rendered":"<p><b>S\u00e9gou<\/b><\/p>\n<p>S\u00e9gou est l&rsquo;ultime \u00e9tape avant la fronti\u00e8re g\u00e9ographique avec la Guin\u00e9e \u00e0 plus de 15 km. C&rsquo;est d&rsquo;ailleurs ici que le douanier referme la barri\u00e8re, mais pour l&rsquo;heure elle reste lev\u00e9e car \u00ab\u00a0c&rsquo;est g\u00e2t\u00e9\u00a0\u00bb. Nous y ferons donc une s\u00e9ance douani\u00e8re et surtout une marche de reconnaissance pour \u00e9valuer les difficult\u00e9s qui nous attendent demain. Encore une fois, la route semble impossible, mais \u00ab\u00a0\u00e7a vaut la peine d&rsquo;essayer\u00a0\u00bb comme\u00a0dit Vincent, alors on y va !<\/p>\n<p><b>Afia 2<\/b><\/p>\n<p>Aller \u00e0 Afia 2, c&rsquo;est pas du g\u00e2teau, donc nous y allons. Nous y allons, certes, mais seulement avec le v\u00e9lo cargo, la caisse du hibou et un minimum de bagages tass\u00e9s dans des sacs \u00e0 dos. Les trois premiers kilom\u00e8tres de piste sont dantesques et il faut gravir les 250 m\u00e8tres de d\u00e9nivel\u00e9 pour atteindre le plateau. Nous sommes oblig\u00e9s de porter v\u00e9lo et caisse durant la presque totalit\u00e9 de l&rsquo;ascension (Yoro tu as bien fait de nous accompagner). Une fois sur le plateau nous pouvons pousser avec soulagement, le v\u00e9lo et sa caisse \u00e0 nouveau brid\u00e9e, sur les 8 kilom\u00e8tres restants.<\/p>\n<p>Au total, il nous aura fallu pr\u00e8s de cinq heures pour parcourir ces 11 kilom\u00e8tres. Sur le chemin, nous n&rsquo;aurons crois\u00e9 qu&rsquo;un homme et son v\u00e9lo surcharg\u00e9 de trois douzaines de poulets vivants et une femme en tongs, une bassine sur la t\u00eate et son enfant dans le dos. Ce plateau quasi inaccessible constitue, en somme, un <i>no man&rsquo;s land<\/i> naturel o\u00f9, malgr\u00e9 tout, quelques villages se sont implant\u00e9s.<\/p>\n<div data-carousel-extra='{\"blog_id\":1,\"permalink\":\"http:\\\/\\\/cinecyclo.com\\\/leblog\\\/du-bande-au-fouta-22\\\/\",\"likes_blog_id\":104523725}' id='gallery-1' class='gallery galleryid-309 gallery-columns-3 gallery-size-thumbnail'><figure class='gallery-item'>\n\t\t\t<div class='gallery-icon landscape'>\n\t\t\t\t<a href='http:\/\/i1.wp.com\/cinecyclo.com\/leblog\/wp-content\/uploads\/2016\/01\/image27.jpeg'><img loading=\"lazy\" decoding=\"async\" width=\"150\" height=\"150\" src=\"http:\/\/i1.wp.com\/cinecyclo.com\/leblog\/wp-content\/uploads\/2016\/01\/image27.jpeg?resize=150%2C150\" class=\"attachment-thumbnail size-thumbnail\" alt=\"\" aria-describedby=\"gallery-1-236\" data-attachment-id=\"236\" data-orig-file=\"http:\/\/i1.wp.com\/cinecyclo.com\/leblog\/wp-content\/uploads\/2016\/01\/image27.jpeg?fit=1080%2C607\" data-orig-size=\"1080,607\" data-comments-opened=\"1\" data-image-meta=\"{&quot;aperture&quot;:&quot;2.3&quot;,&quot;credit&quot;:&quot;Vincent Hanrion&quot;,&quot;camera&quot;:&quot;XZ-2&quot;,&quot;caption&quot;:&quot;OLYMPUS DIGITAL CAMERA&quot;,&quot;created_timestamp&quot;:&quot;1452419551&quot;,&quot;copyright&quot;:&quot;CINECYCLO&quot;,&quot;focal_length&quot;:&quot;15.9&quot;,&quot;iso&quot;:&quot;400&quot;,&quot;shutter_speed&quot;:&quot;0.000625&quot;,&quot;title&quot;:&quot;OLYMPUS DIGITAL CAMERA&quot;,&quot;orientation&quot;:&quot;0&quot;}\" data-image-title=\"OLYMPUS DIGITAL CAMERA\" data-image-description=\"\" data-medium-file=\"http:\/\/i1.wp.com\/cinecyclo.com\/leblog\/wp-content\/uploads\/2016\/01\/image27.jpeg?fit=300%2C169\" data-large-file=\"http:\/\/i1.wp.com\/cinecyclo.com\/leblog\/wp-content\/uploads\/2016\/01\/image27.jpeg?fit=711%2C400\" \/><\/a>\n\t\t\t<\/div>\n\t\t\t\t<figcaption class='wp-caption-text gallery-caption' id='gallery-1-236'>\n\t\t\t\tAfia 2 \/ coup\u00e9 du monde, cet \u00e9leveur doit parcourir 30km en v\u00e9lo pour esp\u00e9rer vendre ses poulets\n\t\t\t\t<\/figcaption><\/figure><figure class='gallery-item'>\n\t\t\t<div class='gallery-icon landscape'>\n\t\t\t\t<a href='http:\/\/i0.wp.com\/cinecyclo.com\/leblog\/wp-content\/uploads\/2016\/02\/image13.jpeg'><img loading=\"lazy\" decoding=\"async\" width=\"150\" height=\"150\" src=\"http:\/\/i0.wp.com\/cinecyclo.com\/leblog\/wp-content\/uploads\/2016\/02\/image13.jpeg?resize=150%2C150\" class=\"attachment-thumbnail size-thumbnail\" alt=\"\" aria-describedby=\"gallery-1-330\" data-attachment-id=\"330\" data-orig-file=\"http:\/\/i0.wp.com\/cinecyclo.com\/leblog\/wp-content\/uploads\/2016\/02\/image13.jpeg?fit=1080%2C607\" data-orig-size=\"1080,607\" data-comments-opened=\"1\" data-image-meta=\"{&quot;aperture&quot;:&quot;2.3&quot;,&quot;credit&quot;:&quot;Vincent Hanrion&quot;,&quot;camera&quot;:&quot;XZ-2&quot;,&quot;caption&quot;:&quot;OLYMPUS DIGITAL CAMERA&quot;,&quot;created_timestamp&quot;:&quot;1452424841&quot;,&quot;copyright&quot;:&quot;CINECYCLO&quot;,&quot;focal_length&quot;:&quot;16.7&quot;,&quot;iso&quot;:&quot;100&quot;,&quot;shutter_speed&quot;:&quot;0.0005&quot;,&quot;title&quot;:&quot;OLYMPUS DIGITAL CAMERA&quot;,&quot;orientation&quot;:&quot;0&quot;}\" data-image-title=\"OLYMPUS DIGITAL CAMERA\" data-image-description=\"\" data-medium-file=\"http:\/\/i0.wp.com\/cinecyclo.com\/leblog\/wp-content\/uploads\/2016\/02\/image13.jpeg?fit=300%2C169\" data-large-file=\"http:\/\/i0.wp.com\/cinecyclo.com\/leblog\/wp-content\/uploads\/2016\/02\/image13.jpeg?fit=711%2C400\" \/><\/a>\n\t\t\t<\/div>\n\t\t\t\t<figcaption class='wp-caption-text gallery-caption' id='gallery-1-330'>\n\t\t\t\tAfia 2 \/ Apr\u00e8s 2h de portage, nous voici sur le plateau d&rsquo;Afia 2\n\t\t\t\t<\/figcaption><\/figure><figure class='gallery-item'>\n\t\t\t<div class='gallery-icon landscape'>\n\t\t\t\t<a href='http:\/\/i1.wp.com\/cinecyclo.com\/leblog\/wp-content\/uploads\/2016\/01\/image34.jpeg'><img loading=\"lazy\" decoding=\"async\" width=\"150\" height=\"150\" src=\"http:\/\/i1.wp.com\/cinecyclo.com\/leblog\/wp-content\/uploads\/2016\/01\/image34.jpeg?resize=150%2C150\" class=\"attachment-thumbnail size-thumbnail\" alt=\"\" aria-describedby=\"gallery-1-243\" data-attachment-id=\"243\" data-orig-file=\"http:\/\/i1.wp.com\/cinecyclo.com\/leblog\/wp-content\/uploads\/2016\/01\/image34.jpeg?fit=1080%2C607\" data-orig-size=\"1080,607\" data-comments-opened=\"1\" data-image-meta=\"{&quot;aperture&quot;:&quot;3.2&quot;,&quot;credit&quot;:&quot;Vincent Hanrion&quot;,&quot;camera&quot;:&quot;XZ-2&quot;,&quot;caption&quot;:&quot;OLYMPUS DIGITAL CAMERA&quot;,&quot;created_timestamp&quot;:&quot;1452514871&quot;,&quot;copyright&quot;:&quot;CINECYCLO&quot;,&quot;focal_length&quot;:&quot;13.4&quot;,&quot;iso&quot;:&quot;100&quot;,&quot;shutter_speed&quot;:&quot;0.003125&quot;,&quot;title&quot;:&quot;OLYMPUS DIGITAL CAMERA&quot;,&quot;orientation&quot;:&quot;0&quot;}\" data-image-title=\"OLYMPUS DIGITAL CAMERA\" data-image-description=\"\" data-medium-file=\"http:\/\/i1.wp.com\/cinecyclo.com\/leblog\/wp-content\/uploads\/2016\/01\/image34.jpeg?fit=300%2C169\" data-large-file=\"http:\/\/i1.wp.com\/cinecyclo.com\/leblog\/wp-content\/uploads\/2016\/01\/image34.jpeg?fit=711%2C400\" \/><\/a>\n\t\t\t<\/div>\n\t\t\t\t<figcaption class='wp-caption-text gallery-caption' id='gallery-1-243'>\n\t\t\t\tAfia 2 \/ Seuls quelques rares chemins escarp\u00e9s relient Afia 2 \u00e0 la vall\u00e9e\n\t\t\t\t<\/figcaption><\/figure><figure class='gallery-item'>\n\t\t\t<div class='gallery-icon landscape'>\n\t\t\t\t<a href='http:\/\/i1.wp.com\/cinecyclo.com\/leblog\/wp-content\/uploads\/2016\/01\/image36.jpeg'><img loading=\"lazy\" decoding=\"async\" width=\"150\" height=\"150\" src=\"http:\/\/i1.wp.com\/cinecyclo.com\/leblog\/wp-content\/uploads\/2016\/01\/image36.jpeg?resize=150%2C150\" class=\"attachment-thumbnail size-thumbnail\" alt=\"\" aria-describedby=\"gallery-1-245\" data-attachment-id=\"245\" data-orig-file=\"http:\/\/i1.wp.com\/cinecyclo.com\/leblog\/wp-content\/uploads\/2016\/01\/image36.jpeg?fit=1080%2C607\" data-orig-size=\"1080,607\" data-comments-opened=\"1\" data-image-meta=\"{&quot;aperture&quot;:&quot;1.8&quot;,&quot;credit&quot;:&quot;Vincent Hanrion&quot;,&quot;camera&quot;:&quot;XZ-2&quot;,&quot;caption&quot;:&quot;OLYMPUS DIGITAL CAMERA&quot;,&quot;created_timestamp&quot;:&quot;1452525973&quot;,&quot;copyright&quot;:&quot;CINECYCLO&quot;,&quot;focal_length&quot;:&quot;6&quot;,&quot;iso&quot;:&quot;500&quot;,&quot;shutter_speed&quot;:&quot;0.0125&quot;,&quot;title&quot;:&quot;OLYMPUS DIGITAL CAMERA&quot;,&quot;orientation&quot;:&quot;0&quot;}\" data-image-title=\"OLYMPUS DIGITAL CAMERA\" data-image-description=\"\" data-medium-file=\"http:\/\/i1.wp.com\/cinecyclo.com\/leblog\/wp-content\/uploads\/2016\/01\/image36.jpeg?fit=300%2C169\" data-large-file=\"http:\/\/i1.wp.com\/cinecyclo.com\/leblog\/wp-content\/uploads\/2016\/01\/image36.jpeg?fit=711%2C400\" \/><\/a>\n\t\t\t<\/div>\n\t\t\t\t<figcaption class='wp-caption-text gallery-caption' id='gallery-1-245'>\n\t\t\t\tDindefello \/ Pris\u00e9 pour sa cascade, Dindefello se trouve dans la vall\u00e9e\n\t\t\t\t<\/figcaption><\/figure><figure class='gallery-item'>\n\t\t\t<div class='gallery-icon landscape'>\n\t\t\t\t<a href='http:\/\/i0.wp.com\/cinecyclo.com\/leblog\/wp-content\/uploads\/2016\/01\/image28.jpeg'><img loading=\"lazy\" decoding=\"async\" width=\"150\" height=\"150\" src=\"http:\/\/i0.wp.com\/cinecyclo.com\/leblog\/wp-content\/uploads\/2016\/01\/image28.jpeg?resize=150%2C150\" class=\"attachment-thumbnail size-thumbnail\" alt=\"\" aria-describedby=\"gallery-1-237\" data-attachment-id=\"237\" data-orig-file=\"http:\/\/i0.wp.com\/cinecyclo.com\/leblog\/wp-content\/uploads\/2016\/01\/image28.jpeg?fit=1080%2C607\" data-orig-size=\"1080,607\" data-comments-opened=\"1\" data-image-meta=\"{&quot;aperture&quot;:&quot;1.8&quot;,&quot;credit&quot;:&quot;Vincent Hanrion&quot;,&quot;camera&quot;:&quot;XZ-2&quot;,&quot;caption&quot;:&quot;OLYMPUS DIGITAL CAMERA&quot;,&quot;created_timestamp&quot;:&quot;1452441179&quot;,&quot;copyright&quot;:&quot;CINECYCLO&quot;,&quot;focal_length&quot;:&quot;6&quot;,&quot;iso&quot;:&quot;800&quot;,&quot;shutter_speed&quot;:&quot;0.0166666666667&quot;,&quot;title&quot;:&quot;OLYMPUS DIGITAL CAMERA&quot;,&quot;orientation&quot;:&quot;0&quot;}\" data-image-title=\"OLYMPUS DIGITAL CAMERA\" data-image-description=\"\" data-medium-file=\"http:\/\/i0.wp.com\/cinecyclo.com\/leblog\/wp-content\/uploads\/2016\/01\/image28.jpeg?fit=300%2C169\" data-large-file=\"http:\/\/i0.wp.com\/cinecyclo.com\/leblog\/wp-content\/uploads\/2016\/01\/image28.jpeg?fit=711%2C400\" \/><\/a>\n\t\t\t<\/div>\n\t\t\t\t<figcaption class='wp-caption-text gallery-caption' id='gallery-1-237'>\n\t\t\t\tAfia 2 \/ piscine naturelle exceptionnelle, on s&rsquo;en donne \u00e0 coeur joie !\n\t\t\t\t<\/figcaption><\/figure><figure class='gallery-item'>\n\t\t\t<div class='gallery-icon landscape'>\n\t\t\t\t<a href='http:\/\/i0.wp.com\/cinecyclo.com\/leblog\/wp-content\/uploads\/2016\/01\/image29.jpeg'><img loading=\"lazy\" decoding=\"async\" width=\"150\" height=\"150\" src=\"http:\/\/i0.wp.com\/cinecyclo.com\/leblog\/wp-content\/uploads\/2016\/01\/image29.jpeg?resize=150%2C150\" class=\"attachment-thumbnail size-thumbnail\" alt=\"\" aria-describedby=\"gallery-1-238\" data-attachment-id=\"238\" data-orig-file=\"http:\/\/i0.wp.com\/cinecyclo.com\/leblog\/wp-content\/uploads\/2016\/01\/image29.jpeg?fit=1080%2C607\" data-orig-size=\"1080,607\" data-comments-opened=\"1\" data-image-meta=\"{&quot;aperture&quot;:&quot;1.8&quot;,&quot;credit&quot;:&quot;Vincent Hanrion&quot;,&quot;camera&quot;:&quot;XZ-2&quot;,&quot;caption&quot;:&quot;OLYMPUS DIGITAL CAMERA&quot;,&quot;created_timestamp&quot;:&quot;1452453041&quot;,&quot;copyright&quot;:&quot;CINECYCLO&quot;,&quot;focal_length&quot;:&quot;6&quot;,&quot;iso&quot;:&quot;1000&quot;,&quot;shutter_speed&quot;:&quot;1.6&quot;,&quot;title&quot;:&quot;OLYMPUS DIGITAL CAMERA&quot;,&quot;orientation&quot;:&quot;0&quot;}\" data-image-title=\"OLYMPUS DIGITAL CAMERA\" data-image-description=\"\" data-medium-file=\"http:\/\/i0.wp.com\/cinecyclo.com\/leblog\/wp-content\/uploads\/2016\/01\/image29.jpeg?fit=300%2C169\" data-large-file=\"http:\/\/i0.wp.com\/cinecyclo.com\/leblog\/wp-content\/uploads\/2016\/01\/image29.jpeg?fit=711%2C400\" \/><\/a>\n\t\t\t<\/div>\n\t\t\t\t<figcaption class='wp-caption-text gallery-caption' id='gallery-1-238'>\n\t\t\t\tAfia 2 \/ La nuit tombe, la projection peut commencer\n\t\t\t\t<\/figcaption><\/figure>\n\t\t<\/div>\n\n<p>Notre arriv\u00e9e est salu\u00e9e par un \u00ab\u00a0<i>\u00e7a fait bien longtemps qu&rsquo;un toubab n&rsquo;est pas venu jusqu&rsquo;ici<\/i>.\u00a0\u00bb Alors imaginez lorsque nous annon\u00e7ons par la voix du chef de village la projection du soir. Il est 16 heures et un enfant nous interpelle \u00ab\u00a0veux-tu aller \u00e0 la piscine ?\u00a0\u00bb. Ni une ni deux, nous suivons une ribambelle de gamins \u00e0 travers les champs de paille. Enfin, ils nous guident comme des cabris dans une d\u00e9croissance rocheuse et nous atteignons le lit d&rsquo;un ruisseau ombrag\u00e9. Et l\u00e0, miracle, une petite cascade se d\u00e9verse et creuse une vasque o\u00f9 nous nous baignons avec d\u00e9lice dans une eau limpide et rafra\u00eechissante. Yoro y prendra sa premi\u00e8re le\u00e7on de natation.<\/p>\n<p>Tr\u00eave d&rsquo;oisivet\u00e9, il faut pr\u00e9parer la s\u00e9ance qui, pour l&rsquo;occasion, se d\u00e9roule dans la maison m\u00eame du chef de village. Belle affluence, mais surtout nous remarquons une femme d&rsquo;une quarantaine d&rsquo;ann\u00e9es qui ne cesse de s&rsquo;impliquer dans les d\u00e9bats avec des questions pertinentes. Nous la surnommons \u00ab\u00a0la dame de fer\u00a0\u00bb. Les hommes se taisent quand elle prend la parole. Cette ascendance sur les m\u00e2les reste si rare que nous ne pouvions la passer sous silence. Nous tenons notre leader pour la formation \u00e0 la construction des foyers am\u00e9lior\u00e9s pr\u00e9vue le lendemain matin.<\/p>\n<figure id=\"attachment_264\" aria-describedby=\"caption-attachment-264\" style=\"width: 1080px\" class=\"wp-caption aligncenter\"><a href=\"http:\/\/i0.wp.com\/cinecyclo.com\/leblog\/wp-content\/uploads\/2016\/01\/image55.jpeg\"><img loading=\"lazy\" decoding=\"async\" class=\"size-full wp-image-264\" src=\"http:\/\/i0.wp.com\/cinecyclo.com\/leblog\/wp-content\/uploads\/2016\/01\/image55.jpeg?resize=711%2C400\" alt=\"Afia 2 \/ La dame de fer\" srcset=\"http:\/\/i0.wp.com\/cinecyclo.com\/leblog\/wp-content\/uploads\/2016\/01\/image55.jpeg?w=1080 1080w, http:\/\/i0.wp.com\/cinecyclo.com\/leblog\/wp-content\/uploads\/2016\/01\/image55.jpeg?resize=300%2C169 300w, http:\/\/i0.wp.com\/cinecyclo.com\/leblog\/wp-content\/uploads\/2016\/01\/image55.jpeg?resize=1024%2C576 1024w, http:\/\/i0.wp.com\/cinecyclo.com\/leblog\/wp-content\/uploads\/2016\/01\/image55.jpeg?resize=623%2C350 623w\" sizes=\"auto, (max-width: 1080px) 100vw, 1080px\" data-recalc-dims=\"1\" \/><\/a><figcaption id=\"caption-attachment-264\" class=\"wp-caption-text\">Afia 2 \/ La dame de fer<\/figcaption><\/figure>\n<p>La dame de fer\u00a0si\u00e8ge aussi au conseil municipal de Dind\u00e9fello auquel son village est rattach\u00e9. Situ\u00e9 en bas de la montagne, Dind\u00e9fello b\u00e9n\u00e9ficie de nombreux avantages\u00a0qui sont inconnus des villages situ\u00e9s en haut de la montagne (Afia 2, Dand\u00e9&#8230;). Il s&rsquo;agit administrativement pourtant de la m\u00eame commune. La dame de fer d\u00e9fend donc, corps et \u00e2mes, les int\u00e9r\u00eats des habitants d&rsquo;Afia 2, coup\u00e9s du monde et abandonn\u00e9s&#8230;<\/p>\n<p><b>Dand\u00e9<\/b><\/p>\n<p>Dand\u00e9 n&rsquo;est s\u00e9par\u00e9 d&rsquo;Afia 2 que par deux petits kilom\u00e8tres. Autant dire que le bouche \u00e0 oreilles nous a pr\u00e9c\u00e9d\u00e9 et que nous y sommes attendus. Tout est d\u00e9j\u00e0 r\u00e9gl\u00e9 \u00e0 notre arriv\u00e9e : \u00ab\u00a0<i>bienvenue, vous pouvez vous installer l\u00e0&#8230;<\/i>\u00a0\u00bb Ce protocole exp\u00e9ditif, nous m\u00e9nage une large plage de temps libre et nous d\u00e9cidons de descendre jusqu&rsquo;\u00e0 Dind\u00e9f\u00e9lo par le sentier qu&#8217;empruntent \u00e9l\u00e8ves et femmes se rendant au march\u00e9 hebdomadaire vendre, karit\u00e9, pain de singe, tamarin et arachides. Nous n&rsquo;avons fait qu&rsquo;un aller retour et c&rsquo;est tant mieux. La descente (30 minutes) et plus encore la remont\u00e9e (un peu plus d&rsquo;une heure) sont \u00e9puisantes. Et dire qu&rsquo;il s&rsquo;agit du sentier des \u00e9coliers ! Ce courage nous donnera l&rsquo;\u00e9nergie d&rsquo;organiser l&rsquo;une de nos plus belles s\u00e9ances.<\/p>\n<p><b>Retour sur Segou<\/b><\/p>\n<p>Nous apprenons qu&rsquo;une nouvelle piste vient d&rsquo;\u00eatre ouverte pour rejoindre directement S\u00e9gou par Afia 2. Allons y, puisqu&rsquo;il s&rsquo;agit d&rsquo;un raccourci. Bien que nous soyons sur la descente, l&#8217;empierrement grossier et la pente trop prononc\u00e9e nous obligent tant\u00f4t \u00e0 pousser voire soulever, tant\u00f4t \u00e0 retenir le v\u00e9lo charg\u00e9.<\/p>\n<p>Arriv\u00e9e en d\u00e9but d&rsquo;apr\u00e8s-midi, la fatigue accumul\u00e9e ces derniers jours nous impose une bonne soir\u00e9e de repos chez Amadou Diallo, le chef de village, qui avait eu l&rsquo;amabilit\u00e9 de stocker le reste de nos bagages dans sa modeste chambre, en plus de nous avoir accord\u00e9 son hospitalit\u00e9. Les gars de Cin\u00e9cyclo \u00ab\u00a0squattent\u00a0\u00bb \u00e0 nouveau la petite pi\u00e8ce&#8230; Mais o\u00f9 peut-il bien dormir pendant ce temps me direz-vous ? C&rsquo;est bien simple, dans l&rsquo;une des chambres de ses quatre femmes. On l&rsquo;appellera \u00ab\u00a0l&rsquo;homme aux quatre gallons\u00a0\u00bb.<\/p>\n<p>L&rsquo;hospitalit\u00e9 constitue, pour les s\u00e9n\u00e9galais, un des fondements de la vie en soci\u00e9t\u00e9. Imaginez que vous arriviez \u00e0 l&rsquo;improviste chez le maire d&rsquo;un village gaulois et qu&rsquo;instantan\u00e9ment ce dernier vous offre le g\u00eete (en g\u00e9n\u00e9ral sa propre chambre) et le couvert, du r\u00eave \ud83d\ude42 !<\/p>\n<p><b>Tan\u00e9gu\u00e9<\/b><\/p>\n<p>C&rsquo;est parti pour Tan\u00e9gu\u00e9 via Dind\u00e9f\u00e9lo. Yoro est fier de ses premiers 100 kilom\u00e8tres parcourus avec Cin\u00e9cyclo. Alain est fier de Yoro et Vincent, lui, ne fait pas le fier puisqu&rsquo;il cumule un d\u00e9but d&rsquo;insolation et une dysenterie. Endurci par une travers\u00e9e du Sahara \u00a0en v\u00e9lo l&rsquo;an dernier, Alain supporte ais\u00e9ment les 45 degr\u00e9s qui n&rsquo;affectent pas franchement notre Peul \u00e0 p\u00e9dales. C&rsquo;est une premi\u00e8re pour Vincent et l&rsquo;arriv\u00e9e \u00e0 Tan\u00e9gu\u00e9 sera pour lui bien laborieuse, mais il en veut le gaillard !<\/p>\n<p>Le cousin de Yoro (alias DJ Fock ), nous accueille. Apr\u00e8s une douche salvatrice, Vincent, \u00e9puis\u00e9, s&rsquo;installe sur une natte \u00e0 l&rsquo;ombre et n&rsquo;en resurgira que le lendemain matin. C&rsquo;est donc sans son pr\u00e9sentateur vedette que se d\u00e9roule la s\u00e9ance du soir. Encore une fois merci Yoro car en solo? il aurait \u00e9t\u00e9 difficile d&rsquo;organiser la projection.<\/p>\n<p><b>Koucoudj\u00e9<\/b><\/p>\n<p>Vincent toujours affaibli, nous d\u00e9cidons d&rsquo;\u00e9courter d&rsquo;une journ\u00e9e la tourn\u00e9e pour rejoindre notre QG \u00e0 Ibel. Heureusement, nous apprenons l&rsquo;existence d&rsquo;un raccourci via une piste qui n&rsquo;est pas indiqu\u00e9e sur notre carte au 200 000 milli\u00e8me. Mais \u00e0 mi-parcours, \u00e0 Koucoudj\u00e9, la population d\u00e9j\u00e0 au fait de notre activit\u00e9, nous sollicite avec tant d&rsquo;enthousiasme, que nous ne pouvons refuser. Vincent prend sur lui de passer une nouvelle apr\u00e8s-midi et soir\u00e9e de convalescence en brousse. Le reste du staff, bien rod\u00e9, assure l&rsquo;organisation et la population nous r\u00e9compense par une large participation et un int\u00e9r\u00eat tout particulier pour le charbon de paille.<\/p>\n<p>Au petit matin, nous sommes invit\u00e9s \u00e0 la c\u00e9r\u00e9monie des circoncis. Les hommes r\u00e9unis \u00e0 la mosqu\u00e9e accueillent les postulants. Le marabout v\u00e9rifie qu&rsquo;ils maitrisent certaines Sourates. Une fois l&rsquo;\u00e9preuve r\u00e9ussie avec succ\u00e8s, les jeunes gens rev\u00eatent un caftan blanc et se dirigent vers une case ou l&rsquo;infirmier les y attend. Aucune angoisse ou peur ne transparait sur leur visage, bien au contraire, on sent une sorte de fiert\u00e9 et pleurer serait honteux aux yeux de leurs camarades.<\/p>\n<p><b>Retour sur Ibel<\/b><\/p>\n<p>Encore une vingtaine de kilom\u00e8tres et nous voil\u00e0 de retour sur Ibel. Vincent tiendra encore le coup, chapeau. Qu&rsquo;il est bon de retrouver un endroit familier. \u00c0 n&rsquo;en pas douter, la chaleur humaine et la gentillesse qui \u00e9manent de la famille Diallo, nous requinqueront tous au plus vite.<\/p>\n<p>Et puis d\u00e8s ce soir arrive l&rsquo;\u00e9quipe de tournage, Daniel le r\u00e9alisateur et Sophie avec son indestructible 4&#215;4 Pajero. Pour nous, c&rsquo;est No\u00ebl apr\u00e8s l&rsquo;heure car dans ses bagages Daniel nous apporte, hormis quelques pi\u00e8ces de rechanges indispensables command\u00e9es, de d\u00e9licieuses gourmandises pr\u00e9par\u00e9es par \u00c9velyne et Pierre, les parents de Vincent.<\/p>\n<p>Nous commen\u00e7ons cette nouvelle journ\u00e9e par la pr\u00e9paration du mortier pour la construction du foyer am\u00e9lior\u00e9. Puis dans l&rsquo;apr\u00e8s-midi, nous organisons une course de v\u00e9lo un peu particuli\u00e8re puisque il s&rsquo;agit d&rsquo;une course de lenteur.<\/p>\n<div data-carousel-extra='{\"blog_id\":1,\"permalink\":\"http:\\\/\\\/cinecyclo.com\\\/leblog\\\/du-bande-au-fouta-22\\\/\",\"likes_blog_id\":104523725}' id='gallery-2' class='gallery galleryid-309 gallery-columns-3 gallery-size-thumbnail'><figure class='gallery-item'>\n\t\t\t<div class='gallery-icon landscape'>\n\t\t\t\t<a href='http:\/\/i2.wp.com\/cinecyclo.com\/leblog\/wp-content\/uploads\/2016\/01\/image44.jpeg'><img loading=\"lazy\" decoding=\"async\" width=\"150\" height=\"150\" src=\"http:\/\/i2.wp.com\/cinecyclo.com\/leblog\/wp-content\/uploads\/2016\/01\/image44.jpeg?resize=150%2C150\" class=\"attachment-thumbnail size-thumbnail\" alt=\"\" aria-describedby=\"gallery-2-253\" data-attachment-id=\"253\" data-orig-file=\"http:\/\/i2.wp.com\/cinecyclo.com\/leblog\/wp-content\/uploads\/2016\/01\/image44.jpeg?fit=1080%2C607\" data-orig-size=\"1080,607\" data-comments-opened=\"1\" data-image-meta=\"{&quot;aperture&quot;:&quot;4&quot;,&quot;credit&quot;:&quot;Vincent Hanrion&quot;,&quot;camera&quot;:&quot;XZ-2&quot;,&quot;caption&quot;:&quot;OLYMPUS DIGITAL CAMERA&quot;,&quot;created_timestamp&quot;:&quot;1452962507&quot;,&quot;copyright&quot;:&quot;CINECYCLO&quot;,&quot;focal_length&quot;:&quot;6&quot;,&quot;iso&quot;:&quot;100&quot;,&quot;shutter_speed&quot;:&quot;0.0015625&quot;,&quot;title&quot;:&quot;OLYMPUS DIGITAL CAMERA&quot;,&quot;orientation&quot;:&quot;0&quot;}\" data-image-title=\"OLYMPUS DIGITAL CAMERA\" data-image-description=\"\" data-medium-file=\"http:\/\/i2.wp.com\/cinecyclo.com\/leblog\/wp-content\/uploads\/2016\/01\/image44.jpeg?fit=300%2C169\" data-large-file=\"http:\/\/i2.wp.com\/cinecyclo.com\/leblog\/wp-content\/uploads\/2016\/01\/image44.jpeg?fit=711%2C400\" \/><\/a>\n\t\t\t<\/div>\n\t\t\t\t<figcaption class='wp-caption-text gallery-caption' id='gallery-2-253'>\n\t\t\t\tIbel \/ Course de lenteur\n\t\t\t\t<\/figcaption><\/figure><figure class='gallery-item'>\n\t\t\t<div class='gallery-icon landscape'>\n\t\t\t\t<a href='http:\/\/i1.wp.com\/cinecyclo.com\/leblog\/wp-content\/uploads\/2016\/01\/image43.jpeg'><img loading=\"lazy\" decoding=\"async\" width=\"150\" height=\"150\" src=\"http:\/\/i1.wp.com\/cinecyclo.com\/leblog\/wp-content\/uploads\/2016\/01\/image43.jpeg?resize=150%2C150\" class=\"attachment-thumbnail size-thumbnail\" alt=\"\" aria-describedby=\"gallery-2-252\" data-attachment-id=\"252\" data-orig-file=\"http:\/\/i1.wp.com\/cinecyclo.com\/leblog\/wp-content\/uploads\/2016\/01\/image43.jpeg?fit=1080%2C607\" data-orig-size=\"1080,607\" data-comments-opened=\"1\" data-image-meta=\"{&quot;aperture&quot;:&quot;2.5&quot;,&quot;credit&quot;:&quot;Vincent Hanrion&quot;,&quot;camera&quot;:&quot;XZ-2&quot;,&quot;caption&quot;:&quot;OLYMPUS DIGITAL CAMERA&quot;,&quot;created_timestamp&quot;:&quot;1452962297&quot;,&quot;copyright&quot;:&quot;CINECYCLO&quot;,&quot;focal_length&quot;:&quot;6&quot;,&quot;iso&quot;:&quot;100&quot;,&quot;shutter_speed&quot;:&quot;0.003125&quot;,&quot;title&quot;:&quot;OLYMPUS DIGITAL CAMERA&quot;,&quot;orientation&quot;:&quot;0&quot;}\" data-image-title=\"OLYMPUS DIGITAL CAMERA\" data-image-description=\"\" data-medium-file=\"http:\/\/i1.wp.com\/cinecyclo.com\/leblog\/wp-content\/uploads\/2016\/01\/image43.jpeg?fit=300%2C169\" data-large-file=\"http:\/\/i1.wp.com\/cinecyclo.com\/leblog\/wp-content\/uploads\/2016\/01\/image43.jpeg?fit=711%2C400\" \/><\/a>\n\t\t\t<\/div>\n\t\t\t\t<figcaption class='wp-caption-text gallery-caption' id='gallery-2-252'>\n\t\t\t\tIbel \/ Course de lenteur\n\t\t\t\t<\/figcaption><\/figure><figure class='gallery-item'>\n\t\t\t<div class='gallery-icon landscape'>\n\t\t\t\t<a href='http:\/\/i2.wp.com\/cinecyclo.com\/leblog\/wp-content\/uploads\/2016\/01\/image42.jpeg'><img loading=\"lazy\" decoding=\"async\" width=\"150\" height=\"150\" src=\"http:\/\/i2.wp.com\/cinecyclo.com\/leblog\/wp-content\/uploads\/2016\/01\/image42.jpeg?resize=150%2C150\" class=\"attachment-thumbnail size-thumbnail\" alt=\"\" aria-describedby=\"gallery-2-251\" data-attachment-id=\"251\" data-orig-file=\"http:\/\/i2.wp.com\/cinecyclo.com\/leblog\/wp-content\/uploads\/2016\/01\/image42.jpeg?fit=1080%2C607\" data-orig-size=\"1080,607\" data-comments-opened=\"1\" data-image-meta=\"{&quot;aperture&quot;:&quot;4.5&quot;,&quot;credit&quot;:&quot;Vincent Hanrion&quot;,&quot;camera&quot;:&quot;XZ-2&quot;,&quot;caption&quot;:&quot;OLYMPUS DIGITAL CAMERA&quot;,&quot;created_timestamp&quot;:&quot;1452960321&quot;,&quot;copyright&quot;:&quot;CINECYCLO&quot;,&quot;focal_length&quot;:&quot;6&quot;,&quot;iso&quot;:&quot;100&quot;,&quot;shutter_speed&quot;:&quot;0.00125&quot;,&quot;title&quot;:&quot;OLYMPUS DIGITAL CAMERA&quot;,&quot;orientation&quot;:&quot;0&quot;}\" data-image-title=\"OLYMPUS DIGITAL CAMERA\" data-image-description=\"\" data-medium-file=\"http:\/\/i2.wp.com\/cinecyclo.com\/leblog\/wp-content\/uploads\/2016\/01\/image42.jpeg?fit=300%2C169\" data-large-file=\"http:\/\/i2.wp.com\/cinecyclo.com\/leblog\/wp-content\/uploads\/2016\/01\/image42.jpeg?fit=711%2C400\" \/><\/a>\n\t\t\t<\/div>\n\t\t\t\t<figcaption class='wp-caption-text gallery-caption' id='gallery-2-251'>\n\t\t\t\tOLYMPUS DIGITAL CAMERA\n\t\t\t\t<\/figcaption><\/figure>\n\t\t<\/div>\n\n<p>Aujourd&rsquo;hui grand jour chez les Diallo, toute la famille participe \u00e0 la construction du foyer am\u00e9lior\u00e9 dans la cuisine de Di\u00e9na (la maman). La technique acquise par l&rsquo;exemple, d&rsquo;autres foyers pourront d\u00e9sormais \u00eatre construits dans le reste du village.<\/p>\n<p>\u00c0 partir de maintenant place au tournage et aux interviews des personnes exceptionnelles que nous avons pu croiser lors de notre tourn\u00e9e r\u00e9gionale. Pour en savoir plus, il faudra attendre la sortie du 52 minutes pr\u00e9vue d\u00e9but octobre 2016.<\/p>\n<div data-carousel-extra='{\"blog_id\":1,\"permalink\":\"http:\\\/\\\/cinecyclo.com\\\/leblog\\\/du-bande-au-fouta-22\\\/\",\"likes_blog_id\":104523725}' id='gallery-3' class='gallery galleryid-309 gallery-columns-3 gallery-size-thumbnail'><figure class='gallery-item'>\n\t\t\t<div class='gallery-icon landscape'>\n\t\t\t\t<a href='http:\/\/i2.wp.com\/cinecyclo.com\/leblog\/wp-content\/uploads\/2016\/01\/image58.jpeg'><img loading=\"lazy\" decoding=\"async\" width=\"150\" height=\"150\" src=\"http:\/\/i2.wp.com\/cinecyclo.com\/leblog\/wp-content\/uploads\/2016\/01\/image58.jpeg?resize=150%2C150\" class=\"attachment-thumbnail size-thumbnail\" alt=\"\" aria-describedby=\"gallery-3-267\" data-attachment-id=\"267\" data-orig-file=\"http:\/\/i2.wp.com\/cinecyclo.com\/leblog\/wp-content\/uploads\/2016\/01\/image58.jpeg?fit=1080%2C607\" data-orig-size=\"1080,607\" data-comments-opened=\"1\" data-image-meta=\"{&quot;aperture&quot;:&quot;3.5&quot;,&quot;credit&quot;:&quot;Vincent Hanrion&quot;,&quot;camera&quot;:&quot;XZ-2&quot;,&quot;caption&quot;:&quot;OLYMPUS DIGITAL CAMERA&quot;,&quot;created_timestamp&quot;:&quot;1453388114&quot;,&quot;copyright&quot;:&quot;CINECYCLO&quot;,&quot;focal_length&quot;:&quot;6.4&quot;,&quot;iso&quot;:&quot;100&quot;,&quot;shutter_speed&quot;:&quot;0.002&quot;,&quot;title&quot;:&quot;OLYMPUS DIGITAL CAMERA&quot;,&quot;orientation&quot;:&quot;0&quot;}\" data-image-title=\"OLYMPUS DIGITAL CAMERA\" data-image-description=\"\" data-medium-file=\"http:\/\/i2.wp.com\/cinecyclo.com\/leblog\/wp-content\/uploads\/2016\/01\/image58.jpeg?fit=300%2C169\" data-large-file=\"http:\/\/i2.wp.com\/cinecyclo.com\/leblog\/wp-content\/uploads\/2016\/01\/image58.jpeg?fit=711%2C400\" \/><\/a>\n\t\t\t<\/div>\n\t\t\t\t<figcaption class='wp-caption-text gallery-caption' id='gallery-3-267'>\n\t\t\t\tTournage du documentaire sur cin\u00e9cyclo\n\t\t\t\t<\/figcaption><\/figure><figure class='gallery-item'>\n\t\t\t<div class='gallery-icon landscape'>\n\t\t\t\t<a href='http:\/\/i2.wp.com\/cinecyclo.com\/leblog\/wp-content\/uploads\/2016\/01\/image57.jpeg'><img loading=\"lazy\" decoding=\"async\" width=\"150\" height=\"150\" src=\"http:\/\/i2.wp.com\/cinecyclo.com\/leblog\/wp-content\/uploads\/2016\/01\/image57.jpeg?resize=150%2C150\" class=\"attachment-thumbnail size-thumbnail\" alt=\"\" aria-describedby=\"gallery-3-266\" data-attachment-id=\"266\" data-orig-file=\"http:\/\/i2.wp.com\/cinecyclo.com\/leblog\/wp-content\/uploads\/2016\/01\/image57.jpeg?fit=1080%2C607\" data-orig-size=\"1080,607\" data-comments-opened=\"1\" data-image-meta=\"{&quot;aperture&quot;:&quot;1.8&quot;,&quot;credit&quot;:&quot;Vincent Hanrion&quot;,&quot;camera&quot;:&quot;XZ-2&quot;,&quot;caption&quot;:&quot;OLYMPUS DIGITAL CAMERA&quot;,&quot;created_timestamp&quot;:&quot;1453226020&quot;,&quot;copyright&quot;:&quot;CINECYCLO&quot;,&quot;focal_length&quot;:&quot;6&quot;,&quot;iso&quot;:&quot;100&quot;,&quot;shutter_speed&quot;:&quot;0.008&quot;,&quot;title&quot;:&quot;OLYMPUS DIGITAL CAMERA&quot;,&quot;orientation&quot;:&quot;0&quot;}\" data-image-title=\"OLYMPUS DIGITAL CAMERA\" data-image-description=\"\" data-medium-file=\"http:\/\/i2.wp.com\/cinecyclo.com\/leblog\/wp-content\/uploads\/2016\/01\/image57.jpeg?fit=300%2C169\" data-large-file=\"http:\/\/i2.wp.com\/cinecyclo.com\/leblog\/wp-content\/uploads\/2016\/01\/image57.jpeg?fit=711%2C400\" \/><\/a>\n\t\t\t<\/div>\n\t\t\t\t<figcaption class='wp-caption-text gallery-caption' id='gallery-3-266'>\n\t\t\t\tTournage du documentaire sur cin\u00e9cyclo\n\t\t\t\t<\/figcaption><\/figure><figure class='gallery-item'>\n\t\t\t<div class='gallery-icon landscape'>\n\t\t\t\t<a href='http:\/\/i2.wp.com\/cinecyclo.com\/leblog\/wp-content\/uploads\/2016\/01\/image56.jpeg'><img loading=\"lazy\" decoding=\"async\" width=\"150\" height=\"150\" src=\"http:\/\/i2.wp.com\/cinecyclo.com\/leblog\/wp-content\/uploads\/2016\/01\/image56.jpeg?resize=150%2C150\" class=\"attachment-thumbnail size-thumbnail\" alt=\"\" aria-describedby=\"gallery-3-265\" data-attachment-id=\"265\" data-orig-file=\"http:\/\/i2.wp.com\/cinecyclo.com\/leblog\/wp-content\/uploads\/2016\/01\/image56.jpeg?fit=1080%2C607\" data-orig-size=\"1080,607\" data-comments-opened=\"1\" data-image-meta=\"{&quot;aperture&quot;:&quot;2.5&quot;,&quot;credit&quot;:&quot;Vincent Hanrion&quot;,&quot;camera&quot;:&quot;XZ-2&quot;,&quot;caption&quot;:&quot;OLYMPUS DIGITAL CAMERA&quot;,&quot;created_timestamp&quot;:&quot;1453223039&quot;,&quot;copyright&quot;:&quot;CINECYCLO&quot;,&quot;focal_length&quot;:&quot;21.4&quot;,&quot;iso&quot;:&quot;100&quot;,&quot;shutter_speed&quot;:&quot;0.003125&quot;,&quot;title&quot;:&quot;OLYMPUS DIGITAL CAMERA&quot;,&quot;orientation&quot;:&quot;0&quot;}\" data-image-title=\"OLYMPUS DIGITAL CAMERA\" data-image-description=\"\" data-medium-file=\"http:\/\/i2.wp.com\/cinecyclo.com\/leblog\/wp-content\/uploads\/2016\/01\/image56.jpeg?fit=300%2C169\" data-large-file=\"http:\/\/i2.wp.com\/cinecyclo.com\/leblog\/wp-content\/uploads\/2016\/01\/image56.jpeg?fit=711%2C400\" \/><\/a>\n\t\t\t<\/div>\n\t\t\t\t<figcaption class='wp-caption-text gallery-caption' id='gallery-3-265'>\n\t\t\t\tTournage du documentaire sur cin\u00e9cyclo\n\t\t\t\t<\/figcaption><\/figure><figure class='gallery-item'>\n\t\t\t<div class='gallery-icon landscape'>\n\t\t\t\t<a href='http:\/\/i1.wp.com\/cinecyclo.com\/leblog\/wp-content\/uploads\/2016\/01\/image53.jpeg'><img loading=\"lazy\" decoding=\"async\" width=\"150\" height=\"150\" src=\"http:\/\/i1.wp.com\/cinecyclo.com\/leblog\/wp-content\/uploads\/2016\/01\/image53.jpeg?resize=150%2C150\" class=\"attachment-thumbnail size-thumbnail\" alt=\"\" aria-describedby=\"gallery-3-262\" data-attachment-id=\"262\" data-orig-file=\"http:\/\/i1.wp.com\/cinecyclo.com\/leblog\/wp-content\/uploads\/2016\/01\/image53.jpeg?fit=1080%2C607\" data-orig-size=\"1080,607\" data-comments-opened=\"1\" data-image-meta=\"{&quot;aperture&quot;:&quot;2.8&quot;,&quot;credit&quot;:&quot;Vincent Hanrion&quot;,&quot;camera&quot;:&quot;XZ-2&quot;,&quot;caption&quot;:&quot;OLYMPUS DIGITAL CAMERA&quot;,&quot;created_timestamp&quot;:&quot;1453138097&quot;,&quot;copyright&quot;:&quot;CINECYCLO&quot;,&quot;focal_length&quot;:&quot;17.4&quot;,&quot;iso&quot;:&quot;100&quot;,&quot;shutter_speed&quot;:&quot;0.003125&quot;,&quot;title&quot;:&quot;OLYMPUS DIGITAL CAMERA&quot;,&quot;orientation&quot;:&quot;0&quot;}\" data-image-title=\"OLYMPUS DIGITAL CAMERA\" data-image-description=\"\" data-medium-file=\"http:\/\/i1.wp.com\/cinecyclo.com\/leblog\/wp-content\/uploads\/2016\/01\/image53.jpeg?fit=300%2C169\" data-large-file=\"http:\/\/i1.wp.com\/cinecyclo.com\/leblog\/wp-content\/uploads\/2016\/01\/image53.jpeg?fit=711%2C400\" \/><\/a>\n\t\t\t<\/div>\n\t\t\t\t<figcaption class='wp-caption-text gallery-caption' id='gallery-3-262'>\n\t\t\t\tHamady Hery \/ Le chef du village d\u00e9couvre sa commune vue du ciel\n\t\t\t\t<\/figcaption><\/figure><figure class='gallery-item'>\n\t\t\t<div class='gallery-icon landscape'>\n\t\t\t\t<a href='http:\/\/i0.wp.com\/cinecyclo.com\/leblog\/wp-content\/uploads\/2016\/01\/image50.jpeg'><img loading=\"lazy\" decoding=\"async\" width=\"150\" height=\"150\" src=\"http:\/\/i0.wp.com\/cinecyclo.com\/leblog\/wp-content\/uploads\/2016\/01\/image50.jpeg?resize=150%2C150\" class=\"attachment-thumbnail size-thumbnail\" alt=\"\" aria-describedby=\"gallery-3-259\" data-attachment-id=\"259\" data-orig-file=\"http:\/\/i0.wp.com\/cinecyclo.com\/leblog\/wp-content\/uploads\/2016\/01\/image50.jpeg?fit=1080%2C607\" data-orig-size=\"1080,607\" data-comments-opened=\"1\" data-image-meta=\"{&quot;aperture&quot;:&quot;5&quot;,&quot;credit&quot;:&quot;Vincent Hanrion&quot;,&quot;camera&quot;:&quot;XZ-2&quot;,&quot;caption&quot;:&quot;OLYMPUS DIGITAL CAMERA&quot;,&quot;created_timestamp&quot;:&quot;1453134379&quot;,&quot;copyright&quot;:&quot;CINECYCLO&quot;,&quot;focal_length&quot;:&quot;6&quot;,&quot;iso&quot;:&quot;100&quot;,&quot;shutter_speed&quot;:&quot;0.003125&quot;,&quot;title&quot;:&quot;OLYMPUS DIGITAL CAMERA&quot;,&quot;orientation&quot;:&quot;0&quot;}\" data-image-title=\"OLYMPUS DIGITAL CAMERA\" data-image-description=\"\" data-medium-file=\"http:\/\/i0.wp.com\/cinecyclo.com\/leblog\/wp-content\/uploads\/2016\/01\/image50.jpeg?fit=300%2C169\" data-large-file=\"http:\/\/i0.wp.com\/cinecyclo.com\/leblog\/wp-content\/uploads\/2016\/01\/image50.jpeg?fit=711%2C400\" \/><\/a>\n\t\t\t<\/div>\n\t\t\t\t<figcaption class='wp-caption-text gallery-caption' id='gallery-3-259'>\n\t\t\t\tHamady Hery \/ interview de Oumar Diallo, chef de village militant\n\t\t\t\t<\/figcaption><\/figure><figure class='gallery-item'>\n\t\t\t<div class='gallery-icon landscape'>\n\t\t\t\t<a href='http:\/\/i2.wp.com\/cinecyclo.com\/leblog\/wp-content\/uploads\/2016\/01\/image48.jpeg'><img loading=\"lazy\" decoding=\"async\" width=\"150\" height=\"150\" src=\"http:\/\/i2.wp.com\/cinecyclo.com\/leblog\/wp-content\/uploads\/2016\/01\/image48.jpeg?resize=150%2C150\" class=\"attachment-thumbnail size-thumbnail\" alt=\"\" aria-describedby=\"gallery-3-257\" data-attachment-id=\"257\" data-orig-file=\"http:\/\/i2.wp.com\/cinecyclo.com\/leblog\/wp-content\/uploads\/2016\/01\/image48.jpeg?fit=1080%2C607\" data-orig-size=\"1080,607\" data-comments-opened=\"1\" data-image-meta=\"{&quot;aperture&quot;:&quot;1.9&quot;,&quot;credit&quot;:&quot;Vincent Hanrion&quot;,&quot;camera&quot;:&quot;XZ-2&quot;,&quot;caption&quot;:&quot;OLYMPUS DIGITAL CAMERA&quot;,&quot;created_timestamp&quot;:&quot;1453118347&quot;,&quot;copyright&quot;:&quot;CINECYCLO&quot;,&quot;focal_length&quot;:&quot;6.4&quot;,&quot;iso&quot;:&quot;640&quot;,&quot;shutter_speed&quot;:&quot;0.0333333333333&quot;,&quot;title&quot;:&quot;OLYMPUS DIGITAL CAMERA&quot;,&quot;orientation&quot;:&quot;0&quot;}\" data-image-title=\"OLYMPUS DIGITAL CAMERA\" data-image-description=\"\" data-medium-file=\"http:\/\/i2.wp.com\/cinecyclo.com\/leblog\/wp-content\/uploads\/2016\/01\/image48.jpeg?fit=300%2C169\" data-large-file=\"http:\/\/i2.wp.com\/cinecyclo.com\/leblog\/wp-content\/uploads\/2016\/01\/image48.jpeg?fit=711%2C400\" \/><\/a>\n\t\t\t<\/div>\n\t\t\t\t<figcaption class='wp-caption-text gallery-caption' id='gallery-3-257'>\n\t\t\t\tIbel \/ Fabrication du foyer am\u00e9lior\u00e9\n\t\t\t\t<\/figcaption><\/figure>\n\t\t<\/div>\n\n<p>N\u00e9anmoins, nous n&rsquo;en oublions pas pour autant la population d&rsquo;Ibel pour qui nous organisons une nouvelle projection particuli\u00e8re et personnalis\u00e9e en diffusant un montage de la f\u00eate des masques tourn\u00e9e dans le m\u00eame village. Les spectateurs devenus acteurs se r\u00e9jouissent et se d\u00e9lectent de cette initiative. Il faut savoir que dans la culture peule on aime \u00ab\u00a0taquiner\u00a0\u00bb et on pratique all\u00e8grement le \u00ab\u00a0cousinage \u00a0\u00bb sorte de moquerie bas\u00e9e sur le nom de famille notamment entre les Diallo et les Ba (comme le font par exemple Fran\u00e7ais et Belges ). Autant dire que le public s&rsquo;est franchement l\u00e2ch\u00e9 tout au long de la projection sur le grand \u00e9cran.<\/p>\n<figure id=\"attachment_271\" aria-describedby=\"caption-attachment-271\" style=\"width: 1080px\" class=\"wp-caption aligncenter\"><a href=\"http:\/\/i2.wp.com\/cinecyclo.com\/leblog\/wp-content\/uploads\/2016\/01\/image62.jpeg\"><img loading=\"lazy\" decoding=\"async\" class=\"size-full wp-image-271\" src=\"http:\/\/i2.wp.com\/cinecyclo.com\/leblog\/wp-content\/uploads\/2016\/01\/image62.jpeg?resize=711%2C400\" alt=\"Ibel \/ Belle afluence pour notre derni\u00e8re projection dans la zone\" srcset=\"http:\/\/i2.wp.com\/cinecyclo.com\/leblog\/wp-content\/uploads\/2016\/01\/image62.jpeg?w=1080 1080w, http:\/\/i2.wp.com\/cinecyclo.com\/leblog\/wp-content\/uploads\/2016\/01\/image62.jpeg?resize=300%2C169 300w, http:\/\/i2.wp.com\/cinecyclo.com\/leblog\/wp-content\/uploads\/2016\/01\/image62.jpeg?resize=1024%2C576 1024w, http:\/\/i2.wp.com\/cinecyclo.com\/leblog\/wp-content\/uploads\/2016\/01\/image62.jpeg?resize=623%2C350 623w\" sizes=\"auto, (max-width: 1080px) 100vw, 1080px\" data-recalc-dims=\"1\" \/><\/a><figcaption id=\"caption-attachment-271\" class=\"wp-caption-text\">Ibel \/ Belle afluence pour notre derni\u00e8re projection dans la zone<\/figcaption><\/figure>\n<p>Le meilleur souvenir restera les longues conversations \u00e0 la veill\u00e9e autour du feu avec \u00ab\u00a0le vieux\u00a0\u00bb Samba Diallo, le patriarche de la famille et son ami et complice Talib\u00e9 Ba, le Muezzin, tous deux d&rsquo;un esprit et d&rsquo;une sagesse rares.<\/p>\n<p><b>Landieni Peul<\/b><\/p>\n<p>Petit apart\u00e9 sur un secret de tournage \u00e0 Landieni Peul. Dans ce village choisi pour que Daniel tourne une projection \u00ab\u00a0type\u00a0\u00bb du cinecyclo, l&rsquo;accueil fut des plus morose. La cause, un diff\u00e9rend avec un r\u00e9alisateur s\u00e9n\u00e9galais (Moussa Tour\u00e9) qui n&rsquo;aurait pas tenu ses engagements financier lors d&rsquo;un tournage deux mois plus t\u00f4t. Le mot \u00ab\u00a0cin\u00e9ma\u00a0\u00bb, qui jusque l\u00e0 faisait briller les yeux,\u00a0 provoqua ici des grincements de dents&#8230; C&rsquo;est bien notre veine, nous n&rsquo;avions qu&rsquo;une chance sur un million pour tomber sur un tel cas de figure et il fallut que cela arrive la seule semaine o\u00f9 notre r\u00e9alisateur \u00e9tait disponible pour nous rejoindre&#8230; Daniel reviendra pour une autre session de tournage, bien heureusement.<\/p>\n","protected":false},"excerpt":{"rendered":"<p>S\u00e9gou S\u00e9gou est l&rsquo;ultime \u00e9tape avant la fronti\u00e8re g\u00e9ographique avec la Guin\u00e9e \u00e0 plus de 15 km. C&rsquo;est d&rsquo;ailleurs ici que le douanier referme la&#8230;<\/p>\n<p><a class='more-link' href='http:\/\/cinecyclo.com\/leblog\/du-bande-au-fouta-22\/'>Lire le post<span class='screen-reader-text'>Du Band\u00e9 au Fouta (2\/2)<\/span><\/a><\/p>","protected":false},"author":1,"featured_media":271,"comment_status":"open","ping_status":"open","sticky":false,"template":"","format":"standard","meta":{"footnotes":""},"categories":[6,2],"tags":[],"class_list":["post-309","post","type-post","status-publish","format-standard","has-post-thumbnail","hentry","category-kedougou","category-senegal","excerpt","zoom","even","excerpt-0"],"_links":{"self":[{"href":"http:\/\/cinecyclo.com\/leblog\/wp-json\/wp\/v2\/posts\/309","targetHints":{"allow":["GET"]}}],"collection":[{"href":"http:\/\/cinecyclo.com\/leblog\/wp-json\/wp\/v2\/posts"}],"about":[{"href":"http:\/\/cinecyclo.com\/leblog\/wp-json\/wp\/v2\/types\/post"}],"author":[{"embeddable":true,"href":"http:\/\/cinecyclo.com\/leblog\/wp-json\/wp\/v2\/users\/1"}],"replies":[{"embeddable":true,"href":"http:\/\/cinecyclo.com\/leblog\/wp-json\/wp\/v2\/comments?post=309"}],"version-history":[{"count":12,"href":"http:\/\/cinecyclo.com\/leblog\/wp-json\/wp\/v2\/posts\/309\/revisions"}],"predecessor-version":[{"id":373,"href":"http:\/\/cinecyclo.com\/leblog\/wp-json\/wp\/v2\/posts\/309\/revisions\/373"}],"wp:featuredmedia":[{"embeddable":true,"href":"http:\/\/cinecyclo.com\/leblog\/wp-json\/wp\/v2\/media\/271"}],"wp:attachment":[{"href":"http:\/\/cinecyclo.com\/leblog\/wp-json\/wp\/v2\/media?parent=309"}],"wp:term":[{"taxonomy":"category","embeddable":true,"href":"http:\/\/cinecyclo.com\/leblog\/wp-json\/wp\/v2\/categories?post=309"},{"taxonomy":"post_tag","embeddable":true,"href":"http:\/\/cinecyclo.com\/leblog\/wp-json\/wp\/v2\/tags?post=309"}],"curies":[{"name":"wp","href":"https:\/\/api.w.org\/{rel}","templated":true}]}}