{"id":284,"date":"2016-01-03T09:29:19","date_gmt":"2016-01-03T09:29:19","guid":{"rendered":"http:\/\/cinecyclo.com\/leblog\/?p=284"},"modified":"2016-02-25T23:33:00","modified_gmt":"2016-02-25T23:33:00","slug":"traverseeniokolo","status":"publish","type":"post","link":"http:\/\/cinecyclo.com\/leblog\/traverseeniokolo\/","title":{"rendered":"Travers\u00e9e du Niokolo Koba"},"content":{"rendered":"<p style=\"text-align: justify;\">Nous restons la journ\u00e9e du 25 \u00e0 Tambacounda pour r\u00e9cup\u00e9rer de notre r\u00e9veillon gastroent\u00e9rite \u00e0 d\u00e9faut d&rsquo;avoir \u00e9t\u00e9 gastronomique. Comme la sant\u00e9 revient petit \u00e0 petit et que notre estomac nous autorise \u00e0 nous \u00e9loigner \u00e0 plus de 100 m\u00e8tres des premi\u00e8res toilettes, nous partons chacun de notre c\u00f4t\u00e9, \u00e0 la recherche de l&rsquo;in\u00e9luctable cadeau qui scellera \u00e0 jamais cet inoubliable instant festif. Ce sera un nouveau couteau pour Vincent qui a perdu le sien il y a plus d&rsquo;une semaine, et une tabati\u00e8re Maure pour Alain, \u00e7a le calmera quand il ne trouvera pas de cigarettes.<\/p>\n<p style=\"text-align: justify;\">Bref, il est grand temps de reprendre la route vers K\u00e9dougou \u00e0 petit train.<\/p>\n<p style=\"text-align: justify;\">Apr\u00e8s une soixantaine de kilom\u00e8tres, une bonne sieste, l&rsquo;unique casse cro\u00fbte envisageable \u00e0 savoir, pain, corne beef, moutarde, puis la pose d&rsquo;un strape sur le genou de Vincent, nous voil\u00e0 enfin aux abords de M\u00e9dina Kouta o\u00f9 nous trouvons refuge pour la nuit. Nous passons la soir\u00e9e en compagnie d&rsquo;Alpha Oumar et ses amis apr\u00e8s avoir vraisemblablement obtenu l&rsquo;autorisation de s\u00e9jour aupr\u00e8s du chef de village, un tr\u00e8s vieil homme quasiment sourd.. Mais puisque Alpha interpr\u00e8te \u00ab\u00a0c&rsquo;est bon\u00a0\u00bb car il a fortement envie de passer la soir\u00e9e \u00e0 discuter autour du feu avec deux toubabs, \u00e7a nous convient.<\/p>\n<p style=\"text-align: justify;\">Nous arrivons, le lendemain, \u00e0 Dar Salam aux portes du parc national du Niokolo Koba. L&rsquo;occasion pour Vincent de retrouver certains gardes rencontr\u00e9s il y a un an et demi lors de son rep\u00e9rage.<\/p>\n<p style=\"text-align: justify;\">C&rsquo;est aussi le moment de faire connaissance avec le conservateur du parc, puisque la direction des parcs nationaux de Dakar ne nous aura jamais transmis son nom et ses coordonn\u00e9es malgr\u00e9 nos nombreuses relances. Malheureusement, celui ci est \u00e0 Tambacounda. Apr\u00e8s un coup de fil, il nous apprend qu&rsquo;il n&rsquo;a pas \u00e9t\u00e9 inform\u00e9 de notre visite par sa hi\u00e9rarchie et nous invite \u00e0 venir le rencontrer \u00e0 Tambacounda. Refaire le chemin \u00e0 l&rsquo;envers pour cause d&rsquo;un dysfonctionnement de communication ne nous enchante gu\u00e8re. La nuit portant conseil, nous poursuivons jusqu&rsquo;au village de Dienoun Diala juste avant le poste de contr\u00f4le sur la nationale 7 traversant le parc.<\/p>\n<p style=\"text-align: justify;\">D&rsquo;autre part, c&rsquo;est dans ce village que plusieurs fours am\u00e9lior\u00e9s ont \u00e9t\u00e9 construits voici de cela quatre ans. Nous pouvons enfin v\u00e9rifier in situ l&rsquo;int\u00e9r\u00eat de ce mode de cuisson et recueillir les critiques des utilisatrices.<\/p>\n<p style=\"text-align: justify;\">Grosse d\u00e9ception, la plupart des foyers sont d\u00e9truits et le mode de cuisson du feu \u00e0 trois pierres a repris ses droits. Nous d\u00e9cidons de r\u00e9agir, et apr\u00e8s avoir \u00e9t\u00e9 invit\u00e9s \u00e0 s\u00e9journer chez Alphonse, nous partons \u00e0 la recherche d&rsquo;explications. La responsable du groupement de femmes en charge de la gestion de ces foyers am\u00e9lior\u00e9s nous confirme que bien que l&rsquo;on constate une baisse de la consommation de bois, le temps de cuisson reste plus long et il y a trop de fum\u00e9e qui reflue par l&rsquo;orifice d&rsquo;introduction du bois.<\/p>\n<div data-carousel-extra='{\"blog_id\":1,\"permalink\":\"http:\\\/\\\/cinecyclo.com\\\/leblog\\\/traverseeniokolo\\\/\",\"likes_blog_id\":104523725}' id='gallery-1' class='gallery galleryid-284 gallery-columns-3 gallery-size-thumbnail'><figure class='gallery-item'>\n\t\t\t<div class='gallery-icon landscape'>\n\t\t\t\t<a href='http:\/\/i1.wp.com\/cinecyclo.com\/leblog\/wp-content\/uploads\/2016\/01\/image78.jpeg'><img loading=\"lazy\" decoding=\"async\" width=\"150\" height=\"150\" src=\"http:\/\/i1.wp.com\/cinecyclo.com\/leblog\/wp-content\/uploads\/2016\/01\/image78.jpeg?resize=150%2C150\" class=\"attachment-thumbnail size-thumbnail\" alt=\"\" aria-describedby=\"gallery-1-291\" data-attachment-id=\"291\" data-orig-file=\"http:\/\/i1.wp.com\/cinecyclo.com\/leblog\/wp-content\/uploads\/2016\/01\/image78.jpeg?fit=1080%2C607\" data-orig-size=\"1080,607\" data-comments-opened=\"1\" data-image-meta=\"{&quot;aperture&quot;:&quot;1.9&quot;,&quot;credit&quot;:&quot;Vincent Hanrion&quot;,&quot;camera&quot;:&quot;XZ-2&quot;,&quot;caption&quot;:&quot;OLYMPUS DIGITAL CAMERA&quot;,&quot;created_timestamp&quot;:&quot;1451244142&quot;,&quot;copyright&quot;:&quot;CINECYCLO&quot;,&quot;focal_length&quot;:&quot;7.1&quot;,&quot;iso&quot;:&quot;1000&quot;,&quot;shutter_speed&quot;:&quot;1.3&quot;,&quot;title&quot;:&quot;OLYMPUS DIGITAL CAMERA&quot;,&quot;orientation&quot;:&quot;0&quot;}\" data-image-title=\"OLYMPUS DIGITAL CAMERA\" data-image-description=\"\" data-medium-file=\"http:\/\/i1.wp.com\/cinecyclo.com\/leblog\/wp-content\/uploads\/2016\/01\/image78.jpeg?fit=300%2C169\" data-large-file=\"http:\/\/i1.wp.com\/cinecyclo.com\/leblog\/wp-content\/uploads\/2016\/01\/image78.jpeg?fit=711%2C400\" \/><\/a>\n\t\t\t<\/div>\n\t\t\t\t<figcaption class='wp-caption-text gallery-caption' id='gallery-1-291'>\n\t\t\t\tDienoun Diala \/ Projection\n\t\t\t\t<\/figcaption><\/figure><figure class='gallery-item'>\n\t\t\t<div class='gallery-icon landscape'>\n\t\t\t\t<a href='http:\/\/i2.wp.com\/cinecyclo.com\/leblog\/wp-content\/uploads\/2016\/01\/image80.jpeg'><img loading=\"lazy\" decoding=\"async\" width=\"150\" height=\"150\" src=\"http:\/\/i2.wp.com\/cinecyclo.com\/leblog\/wp-content\/uploads\/2016\/01\/image80.jpeg?resize=150%2C150\" class=\"attachment-thumbnail size-thumbnail\" alt=\"\" aria-describedby=\"gallery-1-293\" data-attachment-id=\"293\" data-orig-file=\"http:\/\/i2.wp.com\/cinecyclo.com\/leblog\/wp-content\/uploads\/2016\/01\/image80.jpeg?fit=1080%2C607\" data-orig-size=\"1080,607\" data-comments-opened=\"1\" data-image-meta=\"{&quot;aperture&quot;:&quot;1.8&quot;,&quot;credit&quot;:&quot;Vincent Hanrion&quot;,&quot;camera&quot;:&quot;XZ-2&quot;,&quot;caption&quot;:&quot;OLYMPUS DIGITAL CAMERA&quot;,&quot;created_timestamp&quot;:&quot;1451243183&quot;,&quot;copyright&quot;:&quot;CINECYCLO&quot;,&quot;focal_length&quot;:&quot;6&quot;,&quot;iso&quot;:&quot;1000&quot;,&quot;shutter_speed&quot;:&quot;1.6&quot;,&quot;title&quot;:&quot;OLYMPUS DIGITAL CAMERA&quot;,&quot;orientation&quot;:&quot;0&quot;}\" data-image-title=\"OLYMPUS DIGITAL CAMERA\" data-image-description=\"\" data-medium-file=\"http:\/\/i2.wp.com\/cinecyclo.com\/leblog\/wp-content\/uploads\/2016\/01\/image80.jpeg?fit=300%2C169\" data-large-file=\"http:\/\/i2.wp.com\/cinecyclo.com\/leblog\/wp-content\/uploads\/2016\/01\/image80.jpeg?fit=711%2C400\" \/><\/a>\n\t\t\t<\/div>\n\t\t\t\t<figcaption class='wp-caption-text gallery-caption' id='gallery-1-293'>\n\t\t\t\tDienoun Diala \/ Projection\n\t\t\t\t<\/figcaption><\/figure><figure class='gallery-item'>\n\t\t\t<div class='gallery-icon landscape'>\n\t\t\t\t<a href='http:\/\/i2.wp.com\/cinecyclo.com\/leblog\/wp-content\/uploads\/2016\/01\/image77.jpeg'><img loading=\"lazy\" decoding=\"async\" width=\"150\" height=\"150\" src=\"http:\/\/i2.wp.com\/cinecyclo.com\/leblog\/wp-content\/uploads\/2016\/01\/image77.jpeg?resize=150%2C150\" class=\"attachment-thumbnail size-thumbnail\" alt=\"\" aria-describedby=\"gallery-1-290\" data-attachment-id=\"290\" data-orig-file=\"http:\/\/i2.wp.com\/cinecyclo.com\/leblog\/wp-content\/uploads\/2016\/01\/image77.jpeg?fit=1080%2C607\" data-orig-size=\"1080,607\" data-comments-opened=\"1\" data-image-meta=\"{&quot;aperture&quot;:&quot;2.2&quot;,&quot;credit&quot;:&quot;Vincent Hanrion&quot;,&quot;camera&quot;:&quot;XZ-2&quot;,&quot;caption&quot;:&quot;OLYMPUS DIGITAL CAMERA&quot;,&quot;created_timestamp&quot;:&quot;1451291679&quot;,&quot;copyright&quot;:&quot;CINECYCLO&quot;,&quot;focal_length&quot;:&quot;14.7&quot;,&quot;iso&quot;:&quot;400&quot;,&quot;shutter_speed&quot;:&quot;0.01&quot;,&quot;title&quot;:&quot;OLYMPUS DIGITAL CAMERA&quot;,&quot;orientation&quot;:&quot;0&quot;}\" data-image-title=\"OLYMPUS DIGITAL CAMERA\" data-image-description=\"\" data-medium-file=\"http:\/\/i2.wp.com\/cinecyclo.com\/leblog\/wp-content\/uploads\/2016\/01\/image77.jpeg?fit=300%2C169\" data-large-file=\"http:\/\/i2.wp.com\/cinecyclo.com\/leblog\/wp-content\/uploads\/2016\/01\/image77.jpeg?fit=711%2C400\" \/><\/a>\n\t\t\t<\/div>\n\t\t\t\t<figcaption class='wp-caption-text gallery-caption' id='gallery-1-290'>\n\t\t\t\tDienoun Diala \/ Nos h\u00f4tes \n\t\t\t\t<\/figcaption><\/figure>\n\t\t<\/div>\n\n<p style=\"text-align: justify;\">Cette conclusion appelle donc deux modifications majeures, rabaisser le seuil o\u00f9 repose la marmite pour en rapprocher le fond des braises et am\u00e9nager un orifice de tirage sur l&rsquo;arri\u00e8re pour canaliser l&rsquo;\u00e9vacuation de la fum\u00e9e.<\/p>\n<p style=\"text-align: justify;\">Le soir m\u00eame, nous repassons le documentaire sur la construction des foyers am\u00e9lior\u00e9s et apportons en direct au cours du d\u00e9bat les modifications retenues et valid\u00e9es par le groupement de femmes.<br \/>\nMission accomplie, la reconstruction des ces nouveaux foyers am\u00e9lior\u00e9s est act\u00e9e pour ce village o\u00f9 il est pr\u00e9vu que nous repassions dans un mois.<\/p>\n<p style=\"text-align: justify;\">Maintenant il nous faut statuer pour savoir si nous traversons le parc, le contournons ou retournons \u00e0 Tambacounda. Nous d\u00e9cidons, puisqu&rsquo;il existe encore un espoir de coop\u00e9ration, de retourner voir le conservateur du parc. Les v\u00e9los stock\u00e9s au poste de filtrage du parc, nous arr\u00eatons un camion revenant du Mali qui accepte de nous ramener sur Tambacounda. Deux heures plus tard, nous voil\u00e0 \u00e0 la direction r\u00e9gionale du parc, contents de ne plus entendre l&rsquo;alarme tonitruante et ininterrompue qui indiquait un d\u00e9faut de pression dans le syst\u00e8me de freinage du camion. Sachez qu&rsquo;il est quasi impossible au S\u00e9n\u00e9gal de circuler dans un v\u00e9hicule qui n&rsquo;affiche pas au minimum une alarme au tableau de bord, sous r\u00e9serve que celle ci fonctionne encore.<\/p>\n<p style=\"text-align: justify;\">Nous sommes re\u00e7us, tour \u00e0 tour, par le conservateur et le responsable du d\u00e9veloppement qui visiblement d\u00e9couvrent le projet Cin\u00e9cyclo. Un plan de partenariat est \u00e9chafaud\u00e9 au pied lev\u00e9 et nous retournons dans la foul\u00e9e en stop sur Dienoun Diala vers 17 heures.<\/p>\n<p style=\"text-align: justify;\">Apr\u00e8s la benne d&rsquo;un pick up jusqu&rsquo;\u00e0 Missara, un mini bus tata surcharg\u00e9 jusqu&rsquo;\u00e0 Dialacota et enfin la cabine d&rsquo;un camion, nous retrouvons le g\u00eete et le couvert chez Alphonse vers 23 heures.<\/p>\n<p style=\"text-align: justify;\">En clair, 6 heures pour faire 90 km, Ils se d\u00e9brouillent pas trop mal en stop les toubabs sur les routes tr\u00e8s peu fr\u00e9quent\u00e9es du S\u00e9n\u00e9gal.<\/p>\n<p style=\"text-align: justify;\">Au final, une longue journ\u00e9e, un peu stressante o\u00f9 la bonne volont\u00e9 et la diplomatie finissent par l&#8217;emporter.<\/p>\n<p style=\"text-align: justify;\">La travers\u00e9e du parc Niokolo Koba s&rsquo;effectue \u00e0 presque 30 km\/h, non pas que nous sommes en forme sur nos v\u00e9los, mais parce que nous sommes dans la cabine d&rsquo;un vraquier de 33 tonnes \u00e0 bout de souffle. Notre requ\u00eate pour traverser le parc en v\u00e9lo n&rsquo;ayant pas abouti en raison de la vuln\u00e9rabilit\u00e9 de ce mode de locomotion face \u00e0 la faune sauvage.<\/p>\n<div data-carousel-extra='{\"blog_id\":1,\"permalink\":\"http:\\\/\\\/cinecyclo.com\\\/leblog\\\/traverseeniokolo\\\/\",\"likes_blog_id\":104523725}' id='gallery-2' class='gallery galleryid-284 gallery-columns-3 gallery-size-thumbnail'><figure class='gallery-item'>\n\t\t\t<div class='gallery-icon landscape'>\n\t\t\t\t<a href='http:\/\/i2.wp.com\/cinecyclo.com\/leblog\/wp-content\/uploads\/2016\/01\/image75.jpeg'><img loading=\"lazy\" decoding=\"async\" width=\"150\" height=\"150\" src=\"http:\/\/i2.wp.com\/cinecyclo.com\/leblog\/wp-content\/uploads\/2016\/01\/image75.jpeg?resize=150%2C150\" class=\"attachment-thumbnail size-thumbnail\" alt=\"\" aria-describedby=\"gallery-2-288\" data-attachment-id=\"288\" data-orig-file=\"http:\/\/i2.wp.com\/cinecyclo.com\/leblog\/wp-content\/uploads\/2016\/01\/image75.jpeg?fit=1080%2C607\" data-orig-size=\"1080,607\" data-comments-opened=\"1\" data-image-meta=\"{&quot;aperture&quot;:&quot;2.2&quot;,&quot;credit&quot;:&quot;Vincent Hanrion&quot;,&quot;camera&quot;:&quot;XZ-2&quot;,&quot;caption&quot;:&quot;OLYMPUS DIGITAL CAMERA&quot;,&quot;created_timestamp&quot;:&quot;1451324053&quot;,&quot;copyright&quot;:&quot;CINECYCLO&quot;,&quot;focal_length&quot;:&quot;6&quot;,&quot;iso&quot;:&quot;100&quot;,&quot;shutter_speed&quot;:&quot;0.0025&quot;,&quot;title&quot;:&quot;OLYMPUS DIGITAL CAMERA&quot;,&quot;orientation&quot;:&quot;0&quot;}\" data-image-title=\"OLYMPUS DIGITAL CAMERA\" data-image-description=\"\" data-medium-file=\"http:\/\/i2.wp.com\/cinecyclo.com\/leblog\/wp-content\/uploads\/2016\/01\/image75.jpeg?fit=300%2C169\" data-large-file=\"http:\/\/i2.wp.com\/cinecyclo.com\/leblog\/wp-content\/uploads\/2016\/01\/image75.jpeg?fit=711%2C400\" \/><\/a>\n\t\t\t<\/div>\n\t\t\t\t<figcaption class='wp-caption-text gallery-caption' id='gallery-2-288'>\n\t\t\t\tTambacounda \/ auto-stop \n\t\t\t\t<\/figcaption><\/figure><figure class='gallery-item'>\n\t\t\t<div class='gallery-icon landscape'>\n\t\t\t\t<a href='http:\/\/i0.wp.com\/cinecyclo.com\/leblog\/wp-content\/uploads\/2016\/01\/image.jpeg'><img loading=\"lazy\" decoding=\"async\" width=\"150\" height=\"150\" src=\"http:\/\/i0.wp.com\/cinecyclo.com\/leblog\/wp-content\/uploads\/2016\/01\/image.jpeg?resize=150%2C150\" class=\"attachment-thumbnail size-thumbnail\" alt=\"\" aria-describedby=\"gallery-2-287\" data-attachment-id=\"287\" data-orig-file=\"http:\/\/i0.wp.com\/cinecyclo.com\/leblog\/wp-content\/uploads\/2016\/01\/image.jpeg?fit=1080%2C607\" data-orig-size=\"1080,607\" data-comments-opened=\"1\" data-image-meta=\"{&quot;aperture&quot;:&quot;5&quot;,&quot;credit&quot;:&quot;Vincent Hanrion&quot;,&quot;camera&quot;:&quot;XZ-2&quot;,&quot;caption&quot;:&quot;OLYMPUS DIGITAL CAMERA&quot;,&quot;created_timestamp&quot;:&quot;1451386942&quot;,&quot;copyright&quot;:&quot;CINECYCLO&quot;,&quot;focal_length&quot;:&quot;6&quot;,&quot;iso&quot;:&quot;400&quot;,&quot;shutter_speed&quot;:&quot;0.001&quot;,&quot;title&quot;:&quot;OLYMPUS DIGITAL CAMERA&quot;,&quot;orientation&quot;:&quot;0&quot;}\" data-image-title=\"OLYMPUS DIGITAL CAMERA\" data-image-description=\"\" data-medium-file=\"http:\/\/i0.wp.com\/cinecyclo.com\/leblog\/wp-content\/uploads\/2016\/01\/image.jpeg?fit=300%2C169\" data-large-file=\"http:\/\/i0.wp.com\/cinecyclo.com\/leblog\/wp-content\/uploads\/2016\/01\/image.jpeg?fit=711%2C400\" \/><\/a>\n\t\t\t<\/div>\n\t\t\t\t<figcaption class='wp-caption-text gallery-caption' id='gallery-2-287'>\n\t\t\t\tNiokolo Koba \/ travers\u00e9e \n\t\t\t\t<\/figcaption><\/figure><figure class='gallery-item'>\n\t\t\t<div class='gallery-icon landscape'>\n\t\t\t\t<a href='http:\/\/i2.wp.com\/cinecyclo.com\/leblog\/wp-content\/uploads\/2016\/01\/image76.jpeg'><img loading=\"lazy\" decoding=\"async\" width=\"150\" height=\"150\" src=\"http:\/\/i2.wp.com\/cinecyclo.com\/leblog\/wp-content\/uploads\/2016\/01\/image76.jpeg?resize=150%2C150\" class=\"attachment-thumbnail size-thumbnail\" alt=\"\" aria-describedby=\"gallery-2-289\" data-attachment-id=\"289\" data-orig-file=\"http:\/\/i2.wp.com\/cinecyclo.com\/leblog\/wp-content\/uploads\/2016\/01\/image76.jpeg?fit=1080%2C607\" data-orig-size=\"1080,607\" data-comments-opened=\"1\" data-image-meta=\"{&quot;aperture&quot;:&quot;2.4&quot;,&quot;credit&quot;:&quot;Vincent Hanrion&quot;,&quot;camera&quot;:&quot;XZ-2&quot;,&quot;caption&quot;:&quot;OLYMPUS DIGITAL CAMERA&quot;,&quot;created_timestamp&quot;:&quot;1451301618&quot;,&quot;copyright&quot;:&quot;CINECYCLO&quot;,&quot;focal_length&quot;:&quot;18.9&quot;,&quot;iso&quot;:&quot;400&quot;,&quot;shutter_speed&quot;:&quot;0.00625&quot;,&quot;title&quot;:&quot;OLYMPUS DIGITAL CAMERA&quot;,&quot;orientation&quot;:&quot;0&quot;}\" data-image-title=\"OLYMPUS DIGITAL CAMERA\" data-image-description=\"\" data-medium-file=\"http:\/\/i2.wp.com\/cinecyclo.com\/leblog\/wp-content\/uploads\/2016\/01\/image76.jpeg?fit=300%2C169\" data-large-file=\"http:\/\/i2.wp.com\/cinecyclo.com\/leblog\/wp-content\/uploads\/2016\/01\/image76.jpeg?fit=711%2C400\" \/><\/a>\n\t\t\t<\/div>\n\t\t\t\t<figcaption class='wp-caption-text gallery-caption' id='gallery-2-289'>\n\t\t\t\tTambacounda \/ auto-stop \n\t\t\t\t<\/figcaption><\/figure>\n\t\t<\/div>\n\n<p style=\"text-align: justify;\">Je ne sais pas si nous n&rsquo;encourons pas plus de dangers dans ce v\u00e9hicule, v\u00e9ritable cercueil roulant dont le chauffeur nous confie, amus\u00e9, que tous les ouvriers qui ont particip\u00e9 \u00e0 sa construction sont probablement morts depuis bien longtemps.<\/p>\n<p style=\"text-align: justify;\">Le comble, le camion sera immobilis\u00e9 au poste de contr\u00f4le au milieu du parc, car son autorisation de transit n&rsquo;est pas conforme.<br \/>\nTu peux rouler un 33 tonnes, la carcasse totalement rouill\u00e9e, sans feins ou presque et les pneus en lambeau mais tu as int\u00e9r\u00eat \u00e0 avoir le tampon.<\/p>\n<p style=\"text-align: justify;\">Bref, apr\u00e8s quelques coups de fil du chauffeur \u00e0 divers pontes responsable de la cargaison l&rsquo;ardeur de l&rsquo;agent du parc est calm\u00e9e et le camion peut repartir.<\/p>\n<p style=\"text-align: justify;\">Ouf, nous sortons du parc apr\u00e8s presque 5 heures de circulation dans un vacarme absolu, assis sur le capot en t\u00f4le entre les deux si\u00e8ges de la cabine avanc\u00e9e, dans l&rsquo;effluve des fuites de gasoil, d&rsquo;eau de refroidissement et les vapeurs d&rsquo;huile d&rsquo;un moteur en surchauffe.<\/p>\n<p style=\"text-align: justify;\">Nous d\u00e9chargeons v\u00e9los et bagages transport\u00e9s dans la benne du semi-remorque \u00e0 Mako, et offrons le repas \u00e0 nos convoyeurs.<\/p>\n<p style=\"text-align: justify;\">Au fait, nous n&rsquo;avons crois\u00e9 aucun animal si ce n&rsquo;est quelques phacoch\u00e8res r\u00f4dant autour des poubelles du poste de Niokolo au centre du parc.<\/p>\n<p style=\"text-align: justify;\">Comme l&rsquo;apr\u00e8s-midi est d\u00e9j\u00e0 bien avanc\u00e9e, nous ne faisons qu&rsquo;une dizaine de kilom\u00e8tres pour atteindre S\u00e9keto o\u00f9 nous jetons notre d\u00e9volu pour la soir\u00e9e. Un petit village Peul accueillant et bordant le fleuve Gambie, un chef de village spontan\u00e9, encore une \u00e9tape formidable qui illustre une fois de plus la chaleur et la g\u00e9n\u00e9rosit\u00e9 du peuple s\u00e9n\u00e9galais quelque soit l&rsquo;ethnie.<\/p>\n<p style=\"text-align: justify;\">\u00c0 partir d&rsquo;ici le paysage change totalement et devient tr\u00e8s vallonn\u00e9. Nous p\u00e9dalons autour des 200 m d&rsquo;altitude et chaque pente gravie nous gratifie de superbes panoramas. Un transit par Kedougou, la capitale de r\u00e9gion o\u00f9 nous nous restaurons et profitons de la derni\u00e8re possibilit\u00e9 de connexion pour la quinzaine \u00e0 venir, puis nous attaquons la piste vers Ibel o\u00f9 nous sommes attendus en fin d&rsquo;apr\u00e8s-midi par la famille Diallo.<\/p>\n<p style=\"text-align: justify;\">Mamoudou, surnomm\u00e9 ici vieux, fait une th\u00e8se sur la litt\u00e9rature anglaise. Nous avions fait sa connaissance au centre Aula Cervant\u00e8s de Dakar lors de notre projection inaugurale. S\u00e9duit par le projet, il adh\u00e8re \u00e0 l&rsquo;association Cin\u00e9cyclo S\u00e9n\u00e9gal et nous propose son hospitalit\u00e9 \u00e0 notre passage dans la r\u00e9gion de K\u00e9dougou. Et bien, deux mois plus tard c&rsquo;est chose faite. Comme nous sommes en plein cong\u00e9s scolaires, nous avons la chance de le retrouver sur place ainsi que Yoro, son fr\u00e8re qui vient de terminer une licence d&rsquo;espagnol.<\/p>\n<p style=\"text-align: justify;\">De ce QG local nous profitons, des connaissances de terrain de la fratrie pour \u00e9tablir notre tourn\u00e9e r\u00e9gionale.<\/p>\n<p style=\"text-align: justify;\">Mais avant tout ce soir projection, avec la promotion des foyers am\u00e9lior\u00e9s et un long m\u00e9trage de divertissement. Grosse affluence avec environ deux cents personnes. Comme \u00e0 l&rsquo;accoutum\u00e9e, la s\u00e9ance pr\u00e9vue \u00e0 20 heures ne d\u00e9butera qu&rsquo;\u00e0 21 heures. Mais \u00e7a tous les s\u00e9n\u00e9galais le savent d\u00e9j\u00e0. C&rsquo;est dingue, il y a toujours un truc \u00e0 faire au dernier moment qui vous met en retard. Comme c&rsquo;est pour tout le monde pareil, nous sommes donc tous \u00e0 l&rsquo;heure.<br \/>\nNous passerons trois jours sur place dont une journ\u00e9e \u00e0 r\u00e9unir les ingr\u00e9dients (bouse de vache, terre de termiti\u00e8res, paille et argile) et \u00e0 fabriquer des briques pour la construction d&rsquo;un foyer am\u00e9lior\u00e9 dans une quinzaine \u00e0 notre retour de tourn\u00e9e (dur\u00e9e n\u00e9cessaire au s\u00e9chage).<\/p>\n<div data-carousel-extra='{\"blog_id\":1,\"permalink\":\"http:\\\/\\\/cinecyclo.com\\\/leblog\\\/traverseeniokolo\\\/\",\"likes_blog_id\":104523725}' id='gallery-3' class='gallery galleryid-284 gallery-columns-3 gallery-size-thumbnail'><figure class='gallery-item'>\n\t\t\t<div class='gallery-icon landscape'>\n\t\t\t\t<a href='http:\/\/i0.wp.com\/cinecyclo.com\/leblog\/wp-content\/uploads\/2016\/01\/image66.jpeg'><img loading=\"lazy\" decoding=\"async\" width=\"150\" height=\"150\" src=\"http:\/\/i0.wp.com\/cinecyclo.com\/leblog\/wp-content\/uploads\/2016\/01\/image66.jpeg?resize=150%2C150\" class=\"attachment-thumbnail size-thumbnail\" alt=\"\" aria-describedby=\"gallery-3-275\" data-attachment-id=\"275\" data-orig-file=\"http:\/\/i0.wp.com\/cinecyclo.com\/leblog\/wp-content\/uploads\/2016\/01\/image66.jpeg?fit=1080%2C607\" data-orig-size=\"1080,607\" data-comments-opened=\"1\" data-image-meta=\"{&quot;aperture&quot;:&quot;5&quot;,&quot;credit&quot;:&quot;Vincent Hanrion&quot;,&quot;camera&quot;:&quot;XZ-2&quot;,&quot;caption&quot;:&quot;OLYMPUS DIGITAL CAMERA&quot;,&quot;created_timestamp&quot;:&quot;1451464934&quot;,&quot;copyright&quot;:&quot;CINECYCLO&quot;,&quot;focal_length&quot;:&quot;13.4&quot;,&quot;iso&quot;:&quot;400&quot;,&quot;shutter_speed&quot;:&quot;0.003125&quot;,&quot;title&quot;:&quot;OLYMPUS DIGITAL CAMERA&quot;,&quot;orientation&quot;:&quot;0&quot;}\" data-image-title=\"OLYMPUS DIGITAL CAMERA\" data-image-description=\"\" data-medium-file=\"http:\/\/i0.wp.com\/cinecyclo.com\/leblog\/wp-content\/uploads\/2016\/01\/image66.jpeg?fit=300%2C169\" data-large-file=\"http:\/\/i0.wp.com\/cinecyclo.com\/leblog\/wp-content\/uploads\/2016\/01\/image66.jpeg?fit=711%2C400\" \/><\/a>\n\t\t\t<\/div>\n\t\t\t\t<figcaption class='wp-caption-text gallery-caption' id='gallery-3-275'>\n\t\t\t\tS\u00e9koto \/ Nos h\u00f4tes \n\t\t\t\t<\/figcaption><\/figure><figure class='gallery-item'>\n\t\t\t<div class='gallery-icon landscape'>\n\t\t\t\t<a href='http:\/\/i2.wp.com\/cinecyclo.com\/leblog\/wp-content\/uploads\/2016\/01\/image65.jpeg'><img loading=\"lazy\" decoding=\"async\" width=\"150\" height=\"150\" src=\"http:\/\/i2.wp.com\/cinecyclo.com\/leblog\/wp-content\/uploads\/2016\/01\/image65.jpeg?resize=150%2C150\" class=\"attachment-thumbnail size-thumbnail\" alt=\"\" aria-describedby=\"gallery-3-274\" data-attachment-id=\"274\" data-orig-file=\"http:\/\/i2.wp.com\/cinecyclo.com\/leblog\/wp-content\/uploads\/2016\/01\/image65.jpeg?fit=1080%2C607\" data-orig-size=\"1080,607\" data-comments-opened=\"1\" data-image-meta=\"{&quot;aperture&quot;:&quot;5&quot;,&quot;credit&quot;:&quot;Vincent Hanrion&quot;,&quot;camera&quot;:&quot;XZ-2&quot;,&quot;caption&quot;:&quot;OLYMPUS DIGITAL CAMERA&quot;,&quot;created_timestamp&quot;:&quot;1451467994&quot;,&quot;copyright&quot;:&quot;CINECYCLO&quot;,&quot;focal_length&quot;:&quot;6&quot;,&quot;iso&quot;:&quot;100&quot;,&quot;shutter_speed&quot;:&quot;0.0025&quot;,&quot;title&quot;:&quot;OLYMPUS DIGITAL CAMERA&quot;,&quot;orientation&quot;:&quot;0&quot;}\" data-image-title=\"OLYMPUS DIGITAL CAMERA\" data-image-description=\"\" data-medium-file=\"http:\/\/i2.wp.com\/cinecyclo.com\/leblog\/wp-content\/uploads\/2016\/01\/image65.jpeg?fit=300%2C169\" data-large-file=\"http:\/\/i2.wp.com\/cinecyclo.com\/leblog\/wp-content\/uploads\/2016\/01\/image65.jpeg?fit=711%2C400\" \/><\/a>\n\t\t\t<\/div>\n\t\t\t\t<figcaption class='wp-caption-text gallery-caption' id='gallery-3-274'>\n\t\t\t\tMako \/ en route pour K\u00e9dougou\n\t\t\t\t<\/figcaption><\/figure><figure class='gallery-item'>\n\t\t\t<div class='gallery-icon landscape'>\n\t\t\t\t<a href='http:\/\/i1.wp.com\/cinecyclo.com\/leblog\/wp-content\/uploads\/2016\/01\/image73.jpeg'><img loading=\"lazy\" decoding=\"async\" width=\"150\" height=\"150\" src=\"http:\/\/i1.wp.com\/cinecyclo.com\/leblog\/wp-content\/uploads\/2016\/01\/image73.jpeg?resize=150%2C150\" class=\"attachment-thumbnail size-thumbnail\" alt=\"\" aria-describedby=\"gallery-3-282\" data-attachment-id=\"282\" data-orig-file=\"http:\/\/i1.wp.com\/cinecyclo.com\/leblog\/wp-content\/uploads\/2016\/01\/image73.jpeg?fit=1080%2C607\" data-orig-size=\"1080,607\" data-comments-opened=\"1\" data-image-meta=\"{&quot;aperture&quot;:&quot;2.2&quot;,&quot;credit&quot;:&quot;Vincent Hanrion&quot;,&quot;camera&quot;:&quot;XZ-2&quot;,&quot;caption&quot;:&quot;OLYMPUS DIGITAL CAMERA&quot;,&quot;created_timestamp&quot;:&quot;1451812429&quot;,&quot;copyright&quot;:&quot;CINECYCLO&quot;,&quot;focal_length&quot;:&quot;7.8&quot;,&quot;iso&quot;:&quot;100&quot;,&quot;shutter_speed&quot;:&quot;0.00125&quot;,&quot;title&quot;:&quot;OLYMPUS DIGITAL CAMERA&quot;,&quot;orientation&quot;:&quot;0&quot;}\" data-image-title=\"OLYMPUS DIGITAL CAMERA\" data-image-description=\"\" data-medium-file=\"http:\/\/i1.wp.com\/cinecyclo.com\/leblog\/wp-content\/uploads\/2016\/01\/image73.jpeg?fit=300%2C169\" data-large-file=\"http:\/\/i1.wp.com\/cinecyclo.com\/leblog\/wp-content\/uploads\/2016\/01\/image73.jpeg?fit=711%2C400\" \/><\/a>\n\t\t\t<\/div>\n\t\t\t\t<figcaption class='wp-caption-text gallery-caption' id='gallery-3-282'>\n\t\t\t\tIbel \/ Yoro Diallo et son p\u00e8re \n\t\t\t\t<\/figcaption><\/figure><figure class='gallery-item'>\n\t\t\t<div class='gallery-icon landscape'>\n\t\t\t\t<a href='http:\/\/i1.wp.com\/cinecyclo.com\/leblog\/wp-content\/uploads\/2016\/01\/image67.jpeg'><img loading=\"lazy\" decoding=\"async\" width=\"150\" height=\"150\" src=\"http:\/\/i1.wp.com\/cinecyclo.com\/leblog\/wp-content\/uploads\/2016\/01\/image67.jpeg?resize=150%2C150\" class=\"attachment-thumbnail size-thumbnail\" alt=\"\" aria-describedby=\"gallery-3-276\" data-attachment-id=\"276\" data-orig-file=\"http:\/\/i1.wp.com\/cinecyclo.com\/leblog\/wp-content\/uploads\/2016\/01\/image67.jpeg?fit=1080%2C607\" data-orig-size=\"1080,607\" data-comments-opened=\"1\" data-image-meta=\"{&quot;aperture&quot;:&quot;2.5&quot;,&quot;credit&quot;:&quot;Vincent Hanrion&quot;,&quot;camera&quot;:&quot;XZ-2&quot;,&quot;caption&quot;:&quot;OLYMPUS DIGITAL CAMERA&quot;,&quot;created_timestamp&quot;:&quot;1451562182&quot;,&quot;copyright&quot;:&quot;CINECYCLO&quot;,&quot;focal_length&quot;:&quot;6.8&quot;,&quot;iso&quot;:&quot;100&quot;,&quot;shutter_speed&quot;:&quot;0.008&quot;,&quot;title&quot;:&quot;OLYMPUS DIGITAL CAMERA&quot;,&quot;orientation&quot;:&quot;0&quot;}\" data-image-title=\"OLYMPUS DIGITAL CAMERA\" data-image-description=\"\" data-medium-file=\"http:\/\/i1.wp.com\/cinecyclo.com\/leblog\/wp-content\/uploads\/2016\/01\/image67.jpeg?fit=300%2C169\" data-large-file=\"http:\/\/i1.wp.com\/cinecyclo.com\/leblog\/wp-content\/uploads\/2016\/01\/image67.jpeg?fit=711%2C400\" \/><\/a>\n\t\t\t<\/div>\n\t\t\t\t<figcaption class='wp-caption-text gallery-caption' id='gallery-3-276'>\n\t\t\t\tIwol \/ baobab de 35m de diam\u00e8tre \n\t\t\t\t<\/figcaption><\/figure><figure class='gallery-item'>\n\t\t\t<div class='gallery-icon landscape'>\n\t\t\t\t<a href='http:\/\/i1.wp.com\/cinecyclo.com\/leblog\/wp-content\/uploads\/2016\/01\/image68.jpeg'><img loading=\"lazy\" decoding=\"async\" width=\"150\" height=\"150\" src=\"http:\/\/i1.wp.com\/cinecyclo.com\/leblog\/wp-content\/uploads\/2016\/01\/image68.jpeg?resize=150%2C150\" class=\"attachment-thumbnail size-thumbnail\" alt=\"\" aria-describedby=\"gallery-3-277\" data-attachment-id=\"277\" data-orig-file=\"http:\/\/i1.wp.com\/cinecyclo.com\/leblog\/wp-content\/uploads\/2016\/01\/image68.jpeg?fit=1080%2C607\" data-orig-size=\"1080,607\" data-comments-opened=\"1\" data-image-meta=\"{&quot;aperture&quot;:&quot;2.5&quot;,&quot;credit&quot;:&quot;Vincent Hanrion&quot;,&quot;camera&quot;:&quot;XZ-2&quot;,&quot;caption&quot;:&quot;OLYMPUS DIGITAL CAMERA&quot;,&quot;created_timestamp&quot;:&quot;1451562298&quot;,&quot;copyright&quot;:&quot;CINECYCLO&quot;,&quot;focal_length&quot;:&quot;9.8&quot;,&quot;iso&quot;:&quot;100&quot;,&quot;shutter_speed&quot;:&quot;0.01&quot;,&quot;title&quot;:&quot;OLYMPUS DIGITAL CAMERA&quot;,&quot;orientation&quot;:&quot;0&quot;}\" data-image-title=\"OLYMPUS DIGITAL CAMERA\" data-image-description=\"\" data-medium-file=\"http:\/\/i1.wp.com\/cinecyclo.com\/leblog\/wp-content\/uploads\/2016\/01\/image68.jpeg?fit=300%2C169\" data-large-file=\"http:\/\/i1.wp.com\/cinecyclo.com\/leblog\/wp-content\/uploads\/2016\/01\/image68.jpeg?fit=711%2C400\" \/><\/a>\n\t\t\t<\/div>\n\t\t\t\t<figcaption class='wp-caption-text gallery-caption' id='gallery-3-277'>\n\t\t\t\tIwol \/ Cha ch\u00e8che !\n\t\t\t\t<\/figcaption><\/figure><figure class='gallery-item'>\n\t\t\t<div class='gallery-icon landscape'>\n\t\t\t\t<a href='http:\/\/i2.wp.com\/cinecyclo.com\/leblog\/wp-content\/uploads\/2016\/01\/image71.jpeg'><img loading=\"lazy\" decoding=\"async\" width=\"150\" height=\"150\" src=\"http:\/\/i2.wp.com\/cinecyclo.com\/leblog\/wp-content\/uploads\/2016\/01\/image71.jpeg?resize=150%2C150\" class=\"attachment-thumbnail size-thumbnail\" alt=\"\" aria-describedby=\"gallery-3-280\" data-attachment-id=\"280\" data-orig-file=\"http:\/\/i2.wp.com\/cinecyclo.com\/leblog\/wp-content\/uploads\/2016\/01\/image71.jpeg?fit=1080%2C607\" data-orig-size=\"1080,607\" data-comments-opened=\"1\" data-image-meta=\"{&quot;aperture&quot;:&quot;2.2&quot;,&quot;credit&quot;:&quot;Vincent Hanrion&quot;,&quot;camera&quot;:&quot;XZ-2&quot;,&quot;caption&quot;:&quot;OLYMPUS DIGITAL CAMERA&quot;,&quot;created_timestamp&quot;:&quot;1451751246&quot;,&quot;copyright&quot;:&quot;CINECYCLO&quot;,&quot;focal_length&quot;:&quot;6&quot;,&quot;iso&quot;:&quot;100&quot;,&quot;shutter_speed&quot;:&quot;0.00125&quot;,&quot;title&quot;:&quot;OLYMPUS DIGITAL CAMERA&quot;,&quot;orientation&quot;:&quot;0&quot;}\" data-image-title=\"OLYMPUS DIGITAL CAMERA\" data-image-description=\"\" data-medium-file=\"http:\/\/i2.wp.com\/cinecyclo.com\/leblog\/wp-content\/uploads\/2016\/01\/image71.jpeg?fit=300%2C169\" data-large-file=\"http:\/\/i2.wp.com\/cinecyclo.com\/leblog\/wp-content\/uploads\/2016\/01\/image71.jpeg?fit=711%2C400\" \/><\/a>\n\t\t\t<\/div>\n\t\t\t\t<figcaption class='wp-caption-text gallery-caption' id='gallery-3-280'>\n\t\t\t\tIbel \/ c\u00e9r\u00e9monie des masques\n\t\t\t\t<\/figcaption><\/figure><figure class='gallery-item'>\n\t\t\t<div class='gallery-icon landscape'>\n\t\t\t\t<a href='http:\/\/i2.wp.com\/cinecyclo.com\/leblog\/wp-content\/uploads\/2016\/01\/image72.jpeg'><img loading=\"lazy\" decoding=\"async\" width=\"150\" height=\"150\" src=\"http:\/\/i2.wp.com\/cinecyclo.com\/leblog\/wp-content\/uploads\/2016\/01\/image72.jpeg?resize=150%2C150\" class=\"attachment-thumbnail size-thumbnail\" alt=\"\" aria-describedby=\"gallery-3-281\" data-attachment-id=\"281\" data-orig-file=\"http:\/\/i2.wp.com\/cinecyclo.com\/leblog\/wp-content\/uploads\/2016\/01\/image72.jpeg?fit=1080%2C607\" data-orig-size=\"1080,607\" data-comments-opened=\"1\" data-image-meta=\"{&quot;aperture&quot;:&quot;2.2&quot;,&quot;credit&quot;:&quot;Vincent Hanrion&quot;,&quot;camera&quot;:&quot;XZ-2&quot;,&quot;caption&quot;:&quot;OLYMPUS DIGITAL CAMERA&quot;,&quot;created_timestamp&quot;:&quot;1451757222&quot;,&quot;copyright&quot;:&quot;CINECYCLO&quot;,&quot;focal_length&quot;:&quot;10.3&quot;,&quot;iso&quot;:&quot;100&quot;,&quot;shutter_speed&quot;:&quot;0.008&quot;,&quot;title&quot;:&quot;OLYMPUS DIGITAL CAMERA&quot;,&quot;orientation&quot;:&quot;0&quot;}\" data-image-title=\"OLYMPUS DIGITAL CAMERA\" data-image-description=\"\" data-medium-file=\"http:\/\/i2.wp.com\/cinecyclo.com\/leblog\/wp-content\/uploads\/2016\/01\/image72.jpeg?fit=300%2C169\" data-large-file=\"http:\/\/i2.wp.com\/cinecyclo.com\/leblog\/wp-content\/uploads\/2016\/01\/image72.jpeg?fit=711%2C400\" \/><\/a>\n\t\t\t<\/div>\n\t\t\t\t<figcaption class='wp-caption-text gallery-caption' id='gallery-3-281'>\n\t\t\t\tIbel \/ c\u00e9r\u00e9monie des masques\n\t\t\t\t<\/figcaption><\/figure><figure class='gallery-item'>\n\t\t\t<div class='gallery-icon landscape'>\n\t\t\t\t<a href='http:\/\/i2.wp.com\/cinecyclo.com\/leblog\/wp-content\/uploads\/2016\/01\/image2.jpeg'><img loading=\"lazy\" decoding=\"async\" width=\"150\" height=\"150\" src=\"http:\/\/i2.wp.com\/cinecyclo.com\/leblog\/wp-content\/uploads\/2016\/01\/image2.jpeg?resize=150%2C150\" class=\"attachment-thumbnail size-thumbnail\" alt=\"\" aria-describedby=\"gallery-3-211\" data-attachment-id=\"211\" data-orig-file=\"http:\/\/i2.wp.com\/cinecyclo.com\/leblog\/wp-content\/uploads\/2016\/01\/image2.jpeg?fit=1080%2C607\" data-orig-size=\"1080,607\" data-comments-opened=\"1\" data-image-meta=\"{&quot;aperture&quot;:&quot;2.5&quot;,&quot;credit&quot;:&quot;Vincent Hanrion&quot;,&quot;camera&quot;:&quot;XZ-2&quot;,&quot;caption&quot;:&quot;OLYMPUS DIGITAL CAMERA&quot;,&quot;created_timestamp&quot;:&quot;1451748550&quot;,&quot;copyright&quot;:&quot;CINECYCLO&quot;,&quot;focal_length&quot;:&quot;21.4&quot;,&quot;iso&quot;:&quot;100&quot;,&quot;shutter_speed&quot;:&quot;0.002&quot;,&quot;title&quot;:&quot;OLYMPUS DIGITAL CAMERA&quot;,&quot;orientation&quot;:&quot;0&quot;}\" data-image-title=\"OLYMPUS DIGITAL CAMERA\" data-image-description=\"\" data-medium-file=\"http:\/\/i2.wp.com\/cinecyclo.com\/leblog\/wp-content\/uploads\/2016\/01\/image2.jpeg?fit=300%2C169\" data-large-file=\"http:\/\/i2.wp.com\/cinecyclo.com\/leblog\/wp-content\/uploads\/2016\/01\/image2.jpeg?fit=711%2C400\" \/><\/a>\n\t\t\t<\/div>\n\t\t\t\t<figcaption class='wp-caption-text gallery-caption' id='gallery-3-211'>\n\t\t\t\tIbel \/ Bala, le jeune fr\u00e8re de Yoro\n\t\t\t\t<\/figcaption><\/figure><figure class='gallery-item'>\n\t\t\t<div class='gallery-icon landscape'>\n\t\t\t\t<a href='http:\/\/i0.wp.com\/cinecyclo.com\/leblog\/wp-content\/uploads\/2016\/01\/image1.jpeg'><img loading=\"lazy\" decoding=\"async\" width=\"150\" height=\"150\" src=\"http:\/\/i0.wp.com\/cinecyclo.com\/leblog\/wp-content\/uploads\/2016\/01\/image1.jpeg?resize=150%2C150\" class=\"attachment-thumbnail size-thumbnail\" alt=\"\" aria-describedby=\"gallery-3-210\" data-attachment-id=\"210\" data-orig-file=\"http:\/\/i0.wp.com\/cinecyclo.com\/leblog\/wp-content\/uploads\/2016\/01\/image1.jpeg?fit=1080%2C607\" data-orig-size=\"1080,607\" data-comments-opened=\"1\" data-image-meta=\"{&quot;aperture&quot;:&quot;4.5&quot;,&quot;credit&quot;:&quot;Vincent Hanrion&quot;,&quot;camera&quot;:&quot;XZ-2&quot;,&quot;caption&quot;:&quot;OLYMPUS DIGITAL CAMERA&quot;,&quot;created_timestamp&quot;:&quot;1451582941&quot;,&quot;copyright&quot;:&quot;CINECYCLO&quot;,&quot;focal_length&quot;:&quot;6&quot;,&quot;iso&quot;:&quot;100&quot;,&quot;shutter_speed&quot;:&quot;0.00625&quot;,&quot;title&quot;:&quot;OLYMPUS DIGITAL CAMERA&quot;,&quot;orientation&quot;:&quot;0&quot;}\" data-image-title=\"OLYMPUS DIGITAL CAMERA\" data-image-description=\"\" data-medium-file=\"http:\/\/i0.wp.com\/cinecyclo.com\/leblog\/wp-content\/uploads\/2016\/01\/image1.jpeg?fit=300%2C169\" data-large-file=\"http:\/\/i0.wp.com\/cinecyclo.com\/leblog\/wp-content\/uploads\/2016\/01\/image1.jpeg?fit=711%2C400\" \/><\/a>\n\t\t\t<\/div>\n\t\t\t\t<figcaption class='wp-caption-text gallery-caption' id='gallery-3-210'>\n\t\t\t\tIbel \/ match de Gala du 31 d\u00e9cembre \n\t\t\t\t<\/figcaption><\/figure>\n\t\t<\/div>\n\n<p style=\"text-align: justify;\">Une autre consacr\u00e9e \u00e0 la visite d&rsquo;Iwol, un village Bedik totalement isol\u00e9 et accessible uniquement \u00e0 pied par un sentier de montagne. Les Bediks sont une ethnie minoritaire chass\u00e9e du Mali au 12\u00e8me si\u00e9cle, pers\u00e9cut\u00e9e par les guin\u00e9ens, convertie au christianisme mais ayant conserv\u00e9 leurs rites animistes. Comme toute minorit\u00e9, ils vivent aujourd&rsquo;hui en quasi autarcie et restent mis \u00e0 l&rsquo;index par les ethnies majoritaires environnantes Peule et Bassarie, car r\u00e9put\u00e9e pour consommer vin de palme et coca.<\/p>\n<p style=\"text-align: justify;\">Et surtout nous aurons le privil\u00e8ge de participer \u00e0 la f\u00eate des masques qui marque la fin d&rsquo;initiation des jeunes circoncis. Ce rituel n&rsquo;est plus pratiqu\u00e9 que dans de rares villages.<\/p>\n<p style=\"text-align: justify;\">Bri\u00e8vement, les circoncis \u00e2g\u00e9s entre 8 et 10 ans doivent recevoir l&rsquo;initiation. Il s&rsquo;agit d&rsquo;un passage vers la vie d&rsquo;adulte. Ils sont alors emmen\u00e9s en brousse durant les deux semaines de la cicatrisation, accompagn\u00e9s d&rsquo;un tuteur qui leur inculque les bases morales et civiques de la vie en soci\u00e9t\u00e9. Ils re\u00e7oivent aussi une formation sur les propri\u00e9t\u00e9s et l&rsquo;utilisation des diff\u00e9rents v\u00e9g\u00e9taux qu&rsquo;offre la nature. Quelques notions sur les divers modes de chasse et de p\u00eache et les voil\u00e0 pr\u00eats \u00e0 regagner, en homme, leur famille. Ces retrouvailles donnent lieu \u00e0 la f\u00eate des masques \u00e0 laquelle tout le village participe.<\/p>\n<p style=\"text-align: justify;\">Autre f\u00eate en ce 31 d\u00e9cembre, o\u00f9 apr\u00e8s un succulent yassa poulet, nous offrons \u00e0 tous les jeunes de la famille l&rsquo;entr\u00e9e \u00e0 la soir\u00e9e dansante organis\u00e9e \u00e0 l&rsquo;occasion du passage en 2016.<\/p>\n<p style=\"text-align: justify;\">Bonne ann\u00e9e \u00e0 tous !<\/p>\n","protected":false},"excerpt":{"rendered":"<p>Nous restons la journ\u00e9e du 25 \u00e0 Tambacounda pour r\u00e9cup\u00e9rer de notre r\u00e9veillon gastroent\u00e9rite \u00e0 d\u00e9faut d&rsquo;avoir \u00e9t\u00e9 gastronomique. Comme la sant\u00e9 revient petit \u00e0&#8230;<\/p>\n<p><a class='more-link' href='http:\/\/cinecyclo.com\/leblog\/traverseeniokolo\/'>Lire le post<span class='screen-reader-text'>Travers\u00e9e du Niokolo Koba<\/span><\/a><\/p>","protected":false},"author":1,"featured_media":280,"comment_status":"open","ping_status":"open","sticky":false,"template":"","format":"standard","meta":{"footnotes":""},"categories":[6,2,5],"tags":[],"class_list":["post-284","post","type-post","status-publish","format-standard","has-post-thumbnail","hentry","category-kedougou","category-senegal","category-tambacounda","excerpt","zoom","even","excerpt-0"],"_links":{"self":[{"href":"http:\/\/cinecyclo.com\/leblog\/wp-json\/wp\/v2\/posts\/284","targetHints":{"allow":["GET"]}}],"collection":[{"href":"http:\/\/cinecyclo.com\/leblog\/wp-json\/wp\/v2\/posts"}],"about":[{"href":"http:\/\/cinecyclo.com\/leblog\/wp-json\/wp\/v2\/types\/post"}],"author":[{"embeddable":true,"href":"http:\/\/cinecyclo.com\/leblog\/wp-json\/wp\/v2\/users\/1"}],"replies":[{"embeddable":true,"href":"http:\/\/cinecyclo.com\/leblog\/wp-json\/wp\/v2\/comments?post=284"}],"version-history":[{"count":6,"href":"http:\/\/cinecyclo.com\/leblog\/wp-json\/wp\/v2\/posts\/284\/revisions"}],"predecessor-version":[{"id":299,"href":"http:\/\/cinecyclo.com\/leblog\/wp-json\/wp\/v2\/posts\/284\/revisions\/299"}],"wp:featuredmedia":[{"embeddable":true,"href":"http:\/\/cinecyclo.com\/leblog\/wp-json\/wp\/v2\/media\/280"}],"wp:attachment":[{"href":"http:\/\/cinecyclo.com\/leblog\/wp-json\/wp\/v2\/media?parent=284"}],"wp:term":[{"taxonomy":"category","embeddable":true,"href":"http:\/\/cinecyclo.com\/leblog\/wp-json\/wp\/v2\/categories?post=284"},{"taxonomy":"post_tag","embeddable":true,"href":"http:\/\/cinecyclo.com\/leblog\/wp-json\/wp\/v2\/tags?post=284"}],"curies":[{"name":"wp","href":"https:\/\/api.w.org\/{rel}","templated":true}]}}